{"id":3002,"date":"2021-09-27T13:31:25","date_gmt":"2021-09-27T16:31:25","guid":{"rendered":"https:\/\/www.cursosycarreras.com.mx\/orientacion\/?p=3002"},"modified":"2022-02-16T12:08:54","modified_gmt":"2022-02-16T15:08:54","slug":"carrera-de-trabajo-social-entrevista","status":"publish","type":"post","link":"https:\/\/www.cursosycarreras.com.mx\/orientacion\/carrera-de-trabajo-social-entrevista\/","title":{"rendered":"La carrera de Trabajo Social seg\u00fan una trabajadora social [Entrevista]"},"content":{"rendered":"<p><\/p>\n<p>En este art\u00edculo te vamos a compartir la edici\u00f3n de una entrevista realizada a la trabajadora social, Mar\u00eda Isabel Oliveras. En ella contar\u00e1 sobre diversos detalles acerca de la <strong>carrera de Trabajo Social <\/strong>seg\u00fan su experiencia. \u00a1Sigue leyendo para conocer m\u00e1s sobre esta profesi\u00f3n!<\/p>\n<p><\/p>\n<p><br \/>\n<!--more--><br \/>\n<\/p>\n<p><\/p>\n<figure class=\"wp-block-image size-large\"><img width=\"1024\" height=\"683\" src=\"https:\/\/www.cursosycarreras.com.mx\/orientacion\/wp-content\/uploads\/2021\/09\/carrera-de-trabajo-social-1-1024x683.jpg\" alt=\"carrera-de-trabajo-social\" class=\"wp-image-4282\" srcset=\"https:\/\/www.cursosycarreras.com.mx\/orientacion\/wp-content\/uploads\/2021\/09\/carrera-de-trabajo-social-1-1024x683.jpg 1024w, https:\/\/www.cursosycarreras.com.mx\/orientacion\/wp-content\/uploads\/2021\/09\/carrera-de-trabajo-social-1-300x200.jpg 300w, https:\/\/www.cursosycarreras.com.mx\/orientacion\/wp-content\/uploads\/2021\/09\/carrera-de-trabajo-social-1-768x512.jpg 768w, https:\/\/www.cursosycarreras.com.mx\/orientacion\/wp-content\/uploads\/2021\/09\/carrera-de-trabajo-social-1-225x150.jpg 225w, https:\/\/www.cursosycarreras.com.mx\/orientacion\/wp-content\/uploads\/2021\/09\/carrera-de-trabajo-social-1-150x100.jpg 150w, https:\/\/www.cursosycarreras.com.mx\/orientacion\/wp-content\/uploads\/2021\/09\/carrera-de-trabajo-social-1.jpg 1080w\" sizes=\"(max-width: 1024px) 100vw, 1024px\" \/><\/figure>\n<p><\/p>\n<p><\/p>\n<div id=\"toc_container\" class=\"no_bullets\"><p class=\"toc_title\">&Iacute;ndice<\/p><ul class=\"toc_list\"><li><a href=\"#Entrevista-a-una-trabajadora-social\"><span class=\"toc_number toc_depth_1\">1<\/span> Entrevista a una trabajadora social<\/a><\/li><li><a href=\"#Los-inicios-en-la-carrera-de-Trabajo-Social\"><span class=\"toc_number toc_depth_1\">2<\/span> Los inicios en la carrera de Trabajo Social<\/a><\/li><li><a href=\"#La-experiencia-laboral-como-Trabajadora-Social\"><span class=\"toc_number toc_depth_1\">3<\/span> La experiencia laboral como Trabajadora Social<\/a><\/li><li><a href=\"#Donde-puede-trabajar-un-egresado-de-la-carrera-de-Trabajo-Social\"><span class=\"toc_number toc_depth_1\">4<\/span> \u00bfD\u00f3nde puede trabajar un egresado de la carrera de Trabajo Social?<\/a><\/li><li><a href=\"#Mitos-de-la-carrera-de-Trabajo-Social\"><span class=\"toc_number toc_depth_1\">5<\/span> Mitos de la carrera de Trabajo Social<\/a><\/li><li><a href=\"#Donde-estudiar-la-carrera-de-Trabajo-Social\"><span class=\"toc_number toc_depth_1\">6<\/span> \u00bfD\u00f3nde estudiar la carrera de Trabajo Social?<\/a><\/li><li><a href=\"#Se-puede-estudiar-Trabajo-Social-en-linea\"><span class=\"toc_number toc_depth_1\">7<\/span> \u00bfSe puede estudiar Trabajo Social en l\u00ednea?<\/a><\/li><li><a href=\"#Prueba-EduMatch-nuestro-Test-Vocacional\"><span class=\"toc_number toc_depth_1\">8<\/span> Prueba EduMatch, nuestro Test Vocacional<\/a><\/li><li><a href=\"#Para-finalizar\"><span class=\"toc_number toc_depth_1\">9<\/span> Para finalizar<\/a><\/li><\/ul><\/div>\n<h2><span id=\"Entrevista-a-una-trabajadora-social\">Entrevista a una trabajadora social<\/span><\/h2>\n<p><\/p>\n<p><\/p>\n<p>Al momento de decidir qu\u00e9 estudiar, una de las cuestiones fundamentales es conocer la voz de egresados que den cuenta de su experiencia en el mundo laboral, y de su paso por la carrera. Es por ello que en esta nota vamos a desarrollar la entrevista realizada a la trabajadora social Mar\u00eda Isabel Oliveras, donde nos cuenta <strong>por qu\u00e9 decidi\u00f3 estudiar la carrera de Trabajo Social.<\/strong><\/p>\n<p><\/p>\n<p><\/p>\n<p>Adem\u00e1s, veremos sus inicios en la <a href=\"https:\/\/bit.ly\/3Dbmw00\" target=\"_blank\" rel=\"noreferrer noopener\">licenciatura<\/a>, los mitos que hay sobre ella, los lugares de trabajo donde ejercer la profesi\u00f3n, y muchos otros temas m\u00e1s, los cuales te ayudar\u00e1n a decidir si esta es la carrera ideal para ti.<\/p>\n<p><\/p>\n<p><\/p>\n<h3>\u00bfQui\u00e9n es Mar\u00eda Isabel Oliveras?<\/h3>\n<p><\/p>\n<p><\/p>\n<p>Mar\u00eda Isabel Oliveras es Licenciada en Trabajo Social, egresada de una importante universidad p\u00fablica. Se ha especializado en Ciencias del Ambiente y en Pol\u00edticas de Microfinanzas y Econom\u00eda Social. Adem\u00e1s es docente universitaria y trabaja como asesora pericial.&nbsp;<\/p>\n<p><\/p>\n<script type='text\/javascript'>\twp_cta_load_variation( '2959', '0' )<\/script><style type=\"text\/css\" id=\"wp_cta_css_custom_2959_0\" class=\"wp_cta_css_2959 \"> #wp_cta_2959_variation_0 #flat-cta-wrapper {font-family: Lato,sans-serif;}\n#wp_cta_2959_variation_0 #inbound-hero {width: 35%;float: left;margin-right: 4%;margin-left: 4%;position: relative;}\n#wp_cta_2959_variation_0 #inbound-content {font-size: 2.625em;font-weight: 300;}\n#wp_cta_2959_variation_0 .inbound-hero-img {width: 100%;}\n#wp_cta_2959_variation_0 #inbound_cta_header {margin: 0 auto;text-align: center;padding-top: 25px;padding-bottom: 25px;padding-left: 25px;padding-right: 25px;}\n#wp_cta_2959_variation_0 #inbound_cta_header .flat-header {font-size: 2.625em;line-height: 1.3;margin: 0;font-weight: 300;color: #fff;margin-bottom: 10px;display: block;}\n#wp_cta_2959_variation_0 #inbound-content span {display: block;font-size: 60%;opacity: 1;padding: 0 0 .6em .1em;color: #fff;line-height: 1.3;}\n#wp_cta_2959_variation_0 .demos {padding-top: 25px;padding-bottom: 13px;}\n#wp_cta_2959_variation_0 .btn:hover, #wp_cta_2959_variation_0 .btn:active {color: #60bcf0;background: #fff;}\n#wp_cta_2959_variation_0 .btn {border: none;font-family: inherit;font-size: inherit;color: inherit;background: none;cursor: pointer;padding: 25px 40px;display: inline-block;text-transform: uppercase;letter-spacing: 1px;font-weight: 700;outline: none;position: relative;-webkit-transition: all .3s;-moz-transition: all .3s;transition: all .3s;width: auto;}\n#wp_cta_2959_variation_0 .btn {border: 3px solid #fff;color: #fff;}\n#wp_cta_2959_variation_0 h2 {margin-top: 40px;font-size: 14px;text-transform: uppercase;}\n#wp_cta_2959_variation_0 p.spacer {height: 5px;overflow: hidden;}\n#wp_cta_2959_variation_0 footer {padding: 20px 0;position: relative;}\n#wp_cta_2959_variation_0 footer iframe {position: absolute;top: 20px;right: 0;}\n#wp_cta_2959_variation_0 table td:first-child {width: 125px;}\n#wp_cta_2959_variation_0 li strong {color: #111;}\n#wp_cta_2959_variation_0 .btn.btn-large {float: right;margin-top: 40px;}\n#wp_cta_2959_variation_0 .ui-ios-overlay {z-index: 99999;position: fixed;top: 50%;left: 50%;width: 200px;height: 200px;margin-left: -100px;margin-top: -100px;filter: progid:DXImageTransform.Microsoft.gradient(startColorstr=#c00,endColorstr=#c00);background: rgba(0,0,0,.8);-webkit-border-radius: 20px;-moz-border-radius: 20px;border-radius: 20px;}\n#wp_cta_2959_variation_0 .ui-ios-overlay .title {color: #fff;font-weight: bold;text-align: center;display: block;font-size: 26px;position: absolute;bottom: 30px;left: 0;width: 100%;}\n#wp_cta_2959_variation_0 .ui-ios-overlay img {display: block;margin: 20% auto 0 auto;}\n#wp_cta_2959_variation_0 .ui-ios-overlay .spinner {left: 50% !important;top: 40% !important;}\n#wp_cta_2959_variation_0 .ios-overlay-show {-webkit-animation-name: ios-overlay-show;-webkit-animation-duration: 750ms;-moz-animation-name: ios-overlay-show;-moz-animation-duration: 750ms;-ms-animation-name: ios-overlay-show;-ms-animation-duration: 750ms;-o-animation-name: ios-overlay-show;-o-animation-duration: 750ms;animation-name: ios-overlay-show;animation-duration: 750ms;}\n@-webkit-keyframes ios-overlay-show {0% {opacity: 0;}\n\t100% {opacity: 1;}}\n@-moz-keyframes ios-overlay-show {0% {opacity: 0;}\n\t100% {opacity: 1;}}\n@-ms-keyframes ios-overlay-show {0% {opacity: 0;}\n\t100% {opacity: 1;}}\n@-o-keyframes ios-overlay-show {0% {opacity: 0;}\n\t100% {opacity: 1;}}\n@keyframes ios-overlay-show {0% {opacity: 0;}\n\t100% {opacity: 1;}}\n#wp_cta_2959_variation_0 .ios-overlay-hide {-webkit-animation-name: ios-overlay-hide;-webkit-animation-duration: 750ms;-webkit-animation-fill-mode: forwards;-moz-animation-name: ios-overlay-hide;-moz-animation-duration: 750ms;-moz-animation-fill-mode: forwards;-ms-animation-name: ios-overlay-hide;-ms-animation-duration: 750ms;-ms-animation-fill-mode: forwards;-o-animation-name: ios-overlay-hide;-o-animation-duration: 750ms;-o-animation-fill-mode: forwards;animation-name: ios-overlay-hide;animation-duration: 750ms;animation-fill-mode: forwards;}\n@-webkit-keyframes ios-overlay-hide {0% {opacity: 1;}\n\t100% {opacity: 0;}}\n@-moz-keyframes ios-overlay-hide {0% {opacity: 1;}\n\t100% {opacity: 0;}}\n@-ms-keyframes ios-overlay-hide {0% {opacity: 1;}\n\t100% {opacity: 0;}}\n@-o-keyframes ios-overlay-hide {0% {opacity: 1;}\n\t100% {opacity: 0;}}\n@keyframes ios-overlay-hide {0% {opacity: 1;}\n\t100% {opacity: 0;}}\n#wp_cta_2959_variation_0 .ui-ios-overlay {z-index: 99999;position: fixed;top: 50%;left: 50%;width: 200px;height: 200px;margin-left: -100px;margin-top: -100px;filter: progid:DXImageTransform.Microsoft.gradient(startColorstr=#c00,endColorstr=#c00);background: rgba(0,0,0,.8);-webkit-border-radius: 20px;-moz-border-radius: 20px;border-radius: 20px;}\n#wp_cta_2959_variation_0 .ui-ios-overlay .title {color: #fff;font-weight: bold;text-align: center;display: block;font-size: 26px;position: absolute;bottom: 30px;left: 0;width: 100%;}\n#wp_cta_2959_variation_0 .ui-ios-overlay img {display: block;margin: 20% auto 0 auto;}\n#wp_cta_2959_variation_0 .ui-ios-overlay .spinner {left: 50% !important;top: 40% !important;}\n#wp_cta_2959_variation_0 .ios-overlay-show {-webkit-animation-name: ios-overlay-show;-webkit-animation-duration: 750ms;-moz-animation-name: ios-overlay-show;-moz-animation-duration: 750ms;-ms-animation-name: ios-overlay-show;-ms-animation-duration: 750ms;-o-animation-name: ios-overlay-show;-o-animation-duration: 750ms;animation-name: ios-overlay-show;animation-duration: 750ms;}\n@-webkit-keyframes ios-overlay-show {0% {opacity: 0;}\n\t100% {opacity: 1;}}\n@-moz-keyframes ios-overlay-show {0% {opacity: 0;}\n\t100% {opacity: 1;}}\n@-ms-keyframes ios-overlay-show {0% {opacity: 0;}\n\t100% {opacity: 1;}}\n@-o-keyframes ios-overlay-show {0% {opacity: 0;}\n\t100% {opacity: 1;}}\n@keyframes ios-overlay-show {0% {opacity: 0;}\n\t100% {opacity: 1;}}\n#wp_cta_2959_variation_0 .ios-overlay-hide {-webkit-animation-name: ios-overlay-hide;-webkit-animation-duration: 750ms;-webkit-animation-fill-mode: forwards;-moz-animation-name: ios-overlay-hide;-moz-animation-duration: 750ms;-moz-animation-fill-mode: forwards;-ms-animation-name: ios-overlay-hide;-ms-animation-duration: 750ms;-ms-animation-fill-mode: forwards;-o-animation-name: ios-overlay-hide;-o-animation-duration: 750ms;-o-animation-fill-mode: forwards;animation-name: ios-overlay-hide;animation-duration: 750ms;animation-fill-mode: forwards;}\n@-webkit-keyframes ios-overlay-hide {0% {opacity: 1;}\n\t100% {opacity: 0;}}\n@-moz-keyframes ios-overlay-hide {0% {opacity: 1;}\n\t100% {opacity: 0;}}\n@-ms-keyframes ios-overlay-hide {0% {opacity: 1;}\n\t100% {opacity: 0;}}\n@-o-keyframes ios-overlay-hide {0% {opacity: 1;}\n\t100% {opacity: 0;}}\n@keyframes ios-overlay-hide {0% {opacity: 1;}\n\t100% {opacity: 0;}}\n#wp_cta_2959_variation_0 .inbound-horizontal input {margin-right: 10px;padding: 3px;padding-top: 2px;}\n#wp_cta_2959_variation_0 .inbound-horizontal {display: inline-block;vertical-align: middle;}\n#wp_cta_2959_variation_0 .inbound-horizontal label {margin-right: 5px;font-size: 20px;vertical-align: middle;}\n#wp_cta_2959_variation_0 #checkMark {text-decoration: none;}\n#wp_cta_2959_variation_0 #cta_container {padding-top: 28px;padding-bottom: 41px;padding-left: 20px;padding-right: 20px;color: #fff;}\n#wp_cta_2959_variation_0 #flat-cta-wrapper {background-color: #00bfbf;}\n#wp_cta_2959_variation_0 #flat-cta-wrapper .btn {border: 3px solid #fff;color: #fff;}\n#wp_cta_2959_variation_0 #flat-cta-wrapper .btn:hover, #wp_cta_2959_variation_0 #flat-cta-wrapper .btn:active {color: #00bfbf;background: #fff;}\n#wp_cta_2959_variation_0 #inbound-content p {color: #fff;}<\/style><script type=\"text\/javascript\">jQuery(document).ready(function($) {\r\n\t\t\t\t\t });<\/script><div id='wp_cta_2959_container' class='wp_cta_container cta_outer_container' style='margin-top:0px;margin-bottom:0px;position:relative;' ><div id='wp_cta_2959_variation_0' class='inbound-cta-container wp_cta_content wp_cta_variation wp_cta_2959_variation_0' style='display:none; margin:auto; width: 100%; height: 300px;'  data-variation='0' data-cta-id='2959'><div id=\"flat-cta-wrapper\">&#13;\n    <div id=\"inbound_cta_header\">&#13;\n        <span class=\"flat-header\">Carrera de Trabajo Social\t<\/span>&#13;\n        <div id=\"inbound-content\"><span>\u00bfQuieres estudiar la Carrera de Trabajo Social? Consulta el listado completo de Instituciones donde puedes hacerlo.<\/span><\/div>&#13;\n        <nav class=\"demos\">&#13;\n            <a href=\"https:\/\/www.cursosycarreras.com.mx\/orientacion\/inbound\/uoi9in5o\" id=\"checkMark\" class=\"btn\" rel=\"nofollow\">M\u00e1s informaci\u00f3n<\/a>&#13;\n        <\/nav>&#13;\n    <\/div>&#13;\n<\/div>&#13;\n<\/div><\/div>\n<\/p>\n<p><\/p>\n<h2><span id=\"Los-inicios-en-la-carrera-de-Trabajo-Social\">Los inicios en la carrera de Trabajo Social<\/span><\/h2>\n<p><\/p>\n<p><\/p>\n<h3>\u00bfC\u00f3mo elegiste esta carrera? \u00bfQu\u00e9 fue lo que te impuls\u00f3?<\/h3>\n<p><\/p>\n<p><\/p>\n<p>Cuando cursaba el \u00faltimo a\u00f1o de la preparatoria visit\u00e9 un colegio especializado en la atenci\u00f3n y promoci\u00f3n de personas con discapacidades intelectuales m\u00faltiples. Recuerdo que esa fue una experiencia muy impactante, me atrever\u00eda a decir que fue algo que defini\u00f3 el resto de mi vida, ya que entr\u00e9 a ese sitio y vi muchos retratos de personas con discapacidades, pero no solamente fue eso.<\/p>\n<p><\/p>\n<p><\/p>\n<p><strong>Lo que m\u00e1s llam\u00f3 mi atenci\u00f3n, fue ver la enorme cantidad de profesionales que se dedicaban a trabajar con estas personas, ya sea para su rehabilitaci\u00f3n, o para su reconexi\u00f3n trabajando en conjunto con sus familiares<\/strong>. En la parte de rehabilitaci\u00f3n laboral, en ese momento yo ni siquiera pod\u00eda asegurar si eran m\u00e9dicos, enfermeras o trabajadores sociales. Lo que ve\u00eda eran profesionales completamente dedicados a ayudar a esas personas con su situaci\u00f3n de discapacidad, y que pasaban por un momento de vulnerabilidad importante.<\/p>\n<p><\/p>\n<p><\/p>\n<p>Tambi\u00e9n sol\u00eda viajar con mi padre por cuestiones de trabajo, y siempre pas\u00e1bamos por un centro neuropsiqui\u00e1trico. Este ten\u00eda un enorme pared\u00f3n y me preguntaba qu\u00e9 era lo que se encontraba del otro lado, pero siempre que le preguntaba a mis padres, me dec\u00edan que era un hospital y ya, nunca me explicaban bien de qu\u00e9 se trataba.<\/p>\n<p><\/p>\n<p><\/p>\n<p>Y al contrario de lo que pudieran pensar, eso fue bueno para m\u00ed, en el sentido que siempre tuve esa duda, ese misterio de qu\u00e9 era lo que hab\u00eda all\u00ed atr\u00e1s. Esa pregunta me motiva todo el tiempo en el trabajo social, saber qu\u00e9 es lo que hay al otro lado, cu\u00e1l es la respuesta a esa inc\u00f3gnita, qu\u00e9 hay detr\u00e1s de ese conflicto familiar, c\u00f3mo empez\u00f3, qu\u00e9 hay en sus casas que provoc\u00f3 ese conflicto. Son cosas que me mueven, me motivan a seguir haciendo lo que hago.<\/p>\n<p><\/p>\n<p><\/p>\n<h3>\u00bfQu\u00e9 materias cursabas en la universidad?<\/h3>\n<p><\/p>\n<p><\/p>\n<p>Bueno, esta carrera va de la mano con Abogac\u00eda, as\u00ed que vemos muchas materias de Derecho. Tambi\u00e9n estudiamos Historia Social, Historia Latinoamericana, Antropolog\u00eda, Psicolog\u00eda General, Econom\u00eda, Econom\u00eda Social, todas aquellas materias que tengan que ver con la intervenci\u00f3n y la metodolog\u00eda de investigaci\u00f3n. Esta \u00faltima es muy importante, ya que <strong>la metodolog\u00eda de la investigaci\u00f3n es el riel sobre d\u00f3nde camina la intervenci\u00f3n<\/strong>.<\/p>\n<p><\/p>\n<p><\/p>\n<p>Con esto quiero decir que, no importa si trabajas para una sola persona, una familia, una relaci\u00f3n conflictiva o un joven con problemas de adicci\u00f3n, <strong>para cada uno de estos casos necesitas un plan de trabajo, y eso te lo da la metodolog\u00eda de investigaci\u00f3n<\/strong>. Te permite conocer el espacio de donde provienen esas personas, qu\u00e9 recursos tienen, qu\u00e9 legislaci\u00f3n lo protege. Adem\u00e1s de poder escuchar su historia, comprender su situaci\u00f3n y entender desde su perspectiva.<\/p>\n<p><\/p>\n<p><\/p>\n<figure class=\"wp-block-image size-large\"><img width=\"1024\" height=\"683\" src=\"https:\/\/www.cursosycarreras.com.mx\/orientacion\/wp-content\/uploads\/2021\/09\/carrera-trabajo-social-1-1024x683.jpg\" alt=\"carrera-trabajo-social\" class=\"wp-image-4281\" srcset=\"https:\/\/www.cursosycarreras.com.mx\/orientacion\/wp-content\/uploads\/2021\/09\/carrera-trabajo-social-1-1024x683.jpg 1024w, https:\/\/www.cursosycarreras.com.mx\/orientacion\/wp-content\/uploads\/2021\/09\/carrera-trabajo-social-1-300x200.jpg 300w, https:\/\/www.cursosycarreras.com.mx\/orientacion\/wp-content\/uploads\/2021\/09\/carrera-trabajo-social-1-768x512.jpg 768w, https:\/\/www.cursosycarreras.com.mx\/orientacion\/wp-content\/uploads\/2021\/09\/carrera-trabajo-social-1-225x150.jpg 225w, https:\/\/www.cursosycarreras.com.mx\/orientacion\/wp-content\/uploads\/2021\/09\/carrera-trabajo-social-1-150x100.jpg 150w, https:\/\/www.cursosycarreras.com.mx\/orientacion\/wp-content\/uploads\/2021\/09\/carrera-trabajo-social-1.jpg 1080w\" sizes=\"(max-width: 1024px) 100vw, 1024px\" \/><\/figure>\n<p><\/p>\n<p><\/p>\n<h2><span id=\"La-experiencia-laboral-como-Trabajadora-Social\">La experiencia laboral como Trabajadora Social<\/span><\/h2>\n<p><\/p>\n<p><\/p>\n<h3>\u00bfC\u00f3mo definir\u00edas la profesi\u00f3n de Trabajo Social?<\/h3>\n<p><\/p>\n<p><\/p>\n<p><strong>El trabajador social investiga, trabaja, analiza, pero su verdadero foco o su centralidad est\u00e1 puesta en la intervenci\u00f3n<\/strong>. Y precisamente eso era lo que m\u00e1s me llamaba la atenci\u00f3n, tener la posibilidad de intervenir o hacer algo por alguien. Y muchas veces en esta profesi\u00f3n nos identifican como agentes de cambio, y as\u00ed fue como me identificaba al principio, pero luego gracias a la formaci\u00f3n universitaria que tuve, sumado a todo lo que aprend\u00ed en mis pr\u00e1cticas profesionales, me di cuenta que eso no define realmente a un Trabajador social.<\/p>\n<p><\/p>\n<p><\/p>\n<p>Un agente de cambio es ser due\u00f1o de una verdad, o due\u00f1o de una postura determinada que marca hacia d\u00f3nde ir. Por ejemplo, tenemos una se\u00f1ora con tres hijos y su pareja la golpea, si yo propongo el cambio y le digo exactamente qu\u00e9 tiene que hacer y la dejo as\u00ed, entonces estoy siendo promotora de ese cambio, y no se trata de eso, se trata de acompa\u00f1ar el cambio que la otra persona crea, para que esa persona sienta que es propio, y sea ella misma quien decida qu\u00e9 hacer.<\/p>\n<p><\/p>\n<p><\/p>\n<p>Podr\u00edamos hablar de empoderamiento, conocerse a s\u00ed mismo, cuidarse, entender que uno no est\u00e1 solo, pero a su vez no dejar que otras personas decidan tu destino. <strong>Es tratar de hacer entender a las personas que son autores de sus propias vidas y que tienen derechos que lo avalan<\/strong>.<\/p>\n<p><\/p>\n<p><\/p>\n<p>Esto no significa que no haya un momento y espacio para la teor\u00eda, la investigaci\u00f3n y el an\u00e1lisis compartido. En general, <strong>se trabaja siempre en equipos interdisciplinarios, con distintas profesiones como soci\u00f3logas, polit\u00f3logos, entre otros<\/strong>. Muchas de las instituciones que nos contratan, trabajan con estos equipos.<\/p>\n<p><\/p>\n<p><\/p>\n<h3>\u00bfC\u00f3mo ser\u00edan las consultas de un Trabajador Social?<\/h3>\n<p><\/p>\n<p><\/p>\n<p>No es una consulta concreta, donde se conecta con la necesidad para dar una soluci\u00f3n inmediata. Es una consulta sostenida, sistem\u00e1tica, donde debemos acompa\u00f1ar con el tiempo a la persona, ya que <strong>todas las problem\u00e1ticas sociales requieren intervenciones de corto, mediano y largo plazo.<\/strong> Y eso depender\u00e1 de cada caso.<\/p>\n<p><\/p>\n<p><\/p>\n<h3>\u00bfQu\u00e9 actividades realizas como profesional de la carrera de Trabajo Social?<\/h3>\n<p><\/p>\n<p><\/p>\n<p>Yo inici\u00e9 mi trayectoria profesional hace much\u00edsimos a\u00f1os, dedic\u00e1ndome a la educaci\u00f3n y a la justicia. Adem\u00e1s me desempe\u00f1o como orientadora en establecimientos educativos y como perito del Poder Judicial. Durante este ejercicio profesional, me especialic\u00e9 en el estudio de las din\u00e1micas para la revinculaci\u00f3n social y familiar de personas en conflicto con la ley.<\/p>\n<p><\/p>\n<p><\/p>\n<p>Tambi\u00e9n fui docente en Teor\u00eda Social en la carrera de Derecho, y actualmente soy parte del equipo interdisciplinario de la Secretar\u00eda de Salud Mental de la Asamblea Permanente de los Derechos Humanos, donde coordino talleres de orientaci\u00f3n laboral. Adem\u00e1s, hago consultas privadas en orientaci\u00f3n vocacional, ocupacional y laboral.<\/p>\n<p><\/p>\n<p><\/p>\n<p>Todo el tiempo estoy revisando, ya que mis inicios fueron en la educaci\u00f3n, y muchas de las investigaciones que realizo hoy en d\u00eda requieren de revisar aquellas pr\u00e1cticas que yo hac\u00eda y ver c\u00f3mo, en la actualidad, se desarrolla el trabajo social en el \u00e1mbito educativo.<\/p>\n<p><\/p>\n<p><\/p>\n<p>Particularmente porque en la actualidad estoy realizando procesos de orientaci\u00f3n laboral a personas que est\u00e1n sin trabajo o que quieren realizar un cambio laboral, por lo que mis inicios en la educaci\u00f3n, de alguna manera, est\u00e1n volviendo a m\u00ed, pero de una forma m\u00e1s integral. Por lo que, todo eso que mencion\u00e9, no son cosas que hice y ya no las vuelvo a ver, sino que estoy constantemente revis\u00e1ndolas, no todo al mismo tiempo, pero si vuelvo a aplicar esos conocimientos que usaba anta\u00f1o.<\/p>\n<p><\/p>\n<p><\/p>\n<h3>Como mencionabas anteriormente, la carrera de Trabajo Social se vincula con la Abogac\u00eda. \u00bfC\u00f3mo es la relaci\u00f3n con los abogados?<\/h3>\n<p><\/p>\n<p><\/p>\n<p>Los trabajadores sociales solemos discutir mucho con los abogados, porque hay situaciones en donde los especialistas en derecho dicen que no pueden seguir interviniendo y que no hay nada m\u00e1s por hacer, escud\u00e1ndose en que la ley as\u00ed lo dicta. Pero para eso existen las legislaciones, para que creen nuevas leyes que evolucionen con los problemas sociales que deben ser entendidos, comprendidos y demandan nuevas situaciones para legislar.<\/p>\n<p><\/p>\n<p><\/p>\n<figure class=\"wp-block-image size-large\"><img width=\"1024\" height=\"683\" src=\"https:\/\/www.cursosycarreras.com.mx\/orientacion\/wp-content\/uploads\/2021\/09\/trabajo-social-mexico-1024x683.jpg\" alt=\"trabajo-social-mexico\" class=\"wp-image-4280\" srcset=\"https:\/\/www.cursosycarreras.com.mx\/orientacion\/wp-content\/uploads\/2021\/09\/trabajo-social-mexico-1024x683.jpg 1024w, https:\/\/www.cursosycarreras.com.mx\/orientacion\/wp-content\/uploads\/2021\/09\/trabajo-social-mexico-300x200.jpg 300w, https:\/\/www.cursosycarreras.com.mx\/orientacion\/wp-content\/uploads\/2021\/09\/trabajo-social-mexico-768x512.jpg 768w, https:\/\/www.cursosycarreras.com.mx\/orientacion\/wp-content\/uploads\/2021\/09\/trabajo-social-mexico-225x150.jpg 225w, https:\/\/www.cursosycarreras.com.mx\/orientacion\/wp-content\/uploads\/2021\/09\/trabajo-social-mexico-150x100.jpg 150w, https:\/\/www.cursosycarreras.com.mx\/orientacion\/wp-content\/uploads\/2021\/09\/trabajo-social-mexico.jpg 1080w\" sizes=\"(max-width: 1024px) 100vw, 1024px\" \/><\/figure>\n<p><\/p>\n<p><\/p>\n<h2><span id=\"Donde-puede-trabajar-un-egresado-de-la-carrera-de-Trabajo-Social\">\u00bfD\u00f3nde puede trabajar un egresado de la carrera de Trabajo Social?<\/span><\/h2>\n<p><\/p>\n<p><\/p>\n<h3>\u00bfEn qu\u00e9 lugares requieren de los servicios de una Trabajadora Social?<\/h3>\n<p><\/p>\n<p><\/p>\n<p>En muchos sitios, <strong>los trabajadores sociales son requeridos en hospitales, trabajos p\u00fablicos para municipios, la justicia<\/strong>. Yo particularmente he trabajado durante 30 a\u00f1os en el sistema penitenciario, en todo lo que tiene que ver con el \u00e1rea ejecutiva y funciones del Estado. Tanto lo legislativo, ejecutivo y lo judicial, tienen \u00e1reas de trabajo y equipos de abordaje referentes a lo social, que es donde intervenimos nosotros.<\/p>\n<p><\/p>\n<p><\/p>\n<h3>\u00bfEs posible trabajar de manera particular?<\/h3>\n<p><\/p>\n<p><\/p>\n<p><strong>Los trabajadores sociales nos desempe\u00f1amos \u00fanicamente en instituciones, ya que no es una profesi\u00f3n de ejercicio liberal<\/strong>, es decir, yo no puedo construir un consultorio en mi casa e invitar a las personas a que vengan. Siempre trabajamos en instituciones y en general lo hacemos en conjunto con otros equipos.<\/p>\n<p><\/p>\n<p><\/p>\n<p>Esta es una modalidad que compartimos con otras profesiones, como lo podr\u00edan ser los psic\u00f3logos o antrop\u00f3logos. Entonces, si trabajas en una instituci\u00f3n educativa, muy seguramente tu primera tarea ser\u00e1 conocer la Ley de la Educaci\u00f3n, para saber cu\u00e1l es su alcance y qu\u00e9 posibilidades tiene al frente de determinadas emergencias. Y como es una tutor\u00eda, debe estar incluida en el proyecto educativo, es decir, no se puede armar un plan de educaci\u00f3n y, por otro lado, tener a un trabajador social que solucione los problemas desde afuera.<\/p>\n<p><\/p>\n<p><\/p>\n<p>El trabajo social tiene que estar incluido dentro del proyecto educativo de toda la instituci\u00f3n, y muy probablemente se trabaje junto a la cooperadora, para poder asimilar por qu\u00e9 los ni\u00f1os faltan a clases, qu\u00e9 problem\u00e1ticas sociales existen en la escuela, si hay problemas de contaminaci\u00f3n del agua, todas esas cuestiones tienen que estar definidas.<\/p>\n<p><\/p>\n<p><\/p>\n<p>Si yo trabajo para un hospital, y hay una epidemia, entonces debo enfocarme mucho en la difusi\u00f3n y la comunicaci\u00f3n. Si estoy trabajando en el desarrollo social de una municipalidad y ocurre una inundaci\u00f3n, tendr\u00e9 que abordar mucho en ese aspecto para generar pol\u00edticas a corto, mediano y largo plazo.&nbsp;<\/p>\n<p><\/p>\n<p><\/p>\n<p>Con esto quiero decir que <strong>el tipo de intervenci\u00f3n va a variar dependiendo del sitio donde est\u00e9 y de qu\u00e9 cosas puedan ocurrir, por lo que se debe estar preparado para todo, es por ello que tenemos una formaci\u00f3n tan multidisciplinaria<\/strong>.<\/p>\n<p><\/p>\n<p><\/p>\n<h2><span id=\"Mitos-de-la-carrera-de-Trabajo-Social\"><strong>Mitos de la carrera de Trabajo Social<\/strong><\/span><\/h2>\n<p><\/p>\n<p><\/p>\n<h3>Muchas veces se asocia al Trabajador Social con el asistencialismo, que son personas que resuelven problemas. \u00bfQu\u00e9 opini\u00f3n tienes sobre esto?<\/h3>\n<p><\/p>\n<p><\/p>\n<p>Si, se suelen confundir las cosas. Muchas veces pasa que llegan personas a la carrera, ya sean j\u00f3venes o mayores, y se les hace la cl\u00e1sica pregunta de por qu\u00e9 eligieron estudiar esta profesi\u00f3n, a lo que suelen responder: \u201cvengo porque quiero ayudar\u201d. Nosotros siempre les repetimos lo mismo, <strong>no hace falta ser trabajador social para ayudar. <\/strong>Esto es as\u00ed, el trabajador social no ayuda.<\/p>\n<p><\/p>\n<p><\/p>\n<p>Por ejemplo, tengo un amigo que se llama Juan. \u00c9l es un ayudador profesional, una persona con una solidaridad y compromiso envidiable, lo cual admiro mucho, pero \u00e9l no es un trabajador social. Probablemente en su organizaci\u00f3n o fundaci\u00f3n tiene trabajadores sociales que trabajan con \u00e9l, pero con esto quiero decir que si deseas ayudar debas convertirte en un trabajador social.<\/p>\n<p><\/p>\n<p><\/p>\n<p><strong>Para ser un trabajador social, te tienen que interesar las problem\u00e1ticas sociales. <\/strong>Es decir, nosotros cada vez que intervenimos, no s\u00f3lo lo hacemos empleando t\u00e9cnicas espec\u00edficas de la profesi\u00f3n, sino que primero debes analizar el problema. Por ejemplo, si el Estado ha hecho algo con eso, ya que hay leyes de protecci\u00f3n para estas personas. Entonces, el trabajador social es un profesional ubicado en un contexto determinado, con las herramientas propias de ese contexto, que utiliza las habilidades profesionales que ha ido aprendiendo para poder trabajar con una persona, una familia o una comunidad.<\/p>\n<p><\/p>\n<p><\/p>\n<figure class=\"wp-block-image size-large\"><img width=\"1024\" height=\"683\" src=\"https:\/\/www.cursosycarreras.com.mx\/orientacion\/wp-content\/uploads\/2021\/09\/trabajo-social-carrera-1-1024x683.jpg\" alt=\"trabajo-social-carrera\" class=\"wp-image-4278\" srcset=\"https:\/\/www.cursosycarreras.com.mx\/orientacion\/wp-content\/uploads\/2021\/09\/trabajo-social-carrera-1-1024x683.jpg 1024w, https:\/\/www.cursosycarreras.com.mx\/orientacion\/wp-content\/uploads\/2021\/09\/trabajo-social-carrera-1-300x200.jpg 300w, https:\/\/www.cursosycarreras.com.mx\/orientacion\/wp-content\/uploads\/2021\/09\/trabajo-social-carrera-1-768x512.jpg 768w, https:\/\/www.cursosycarreras.com.mx\/orientacion\/wp-content\/uploads\/2021\/09\/trabajo-social-carrera-1-225x150.jpg 225w, https:\/\/www.cursosycarreras.com.mx\/orientacion\/wp-content\/uploads\/2021\/09\/trabajo-social-carrera-1-150x100.jpg 150w, https:\/\/www.cursosycarreras.com.mx\/orientacion\/wp-content\/uploads\/2021\/09\/trabajo-social-carrera-1.jpg 1080w\" sizes=\"(max-width: 1024px) 100vw, 1024px\" \/><\/figure>\n<p><\/p>\n<p><\/p>\n<h3>Otro mito instaurado es que los trabajadores sociales son villanos que separan a los hijos de sus padres para llevarlos a un centro asistencial. \u00bfQu\u00e9 opinas de esto?<\/h3>\n<p><\/p>\n<p><\/p>\n<p>S\u00ed, eso es uno de los m\u00e1s sonados y temidos por muchos. Lamentablemente sigue circulando en el pensamiento colectivo de las personas, y es que a nosotros nos sacan mucho de contexto, y nos ven como una figura de control social, una patrulla moral, y es como dec\u00eda antes, cuando hablaba de los agentes de cambio, nos ven de esa manera.<\/p>\n<p><\/p>\n<p><\/p>\n<p>La perspectiva de un trabajador social es otra, no se trata si est\u00e1 bien o est\u00e1 mal, no se trata de juzgar ni de armar una intervenci\u00f3n alrededor de esa cuesti\u00f3n moral, sino por el contrario, <strong>armar una intervenci\u00f3n basada en la comprensi\u00f3n de la situaci\u00f3n de la persona. <\/strong>Preguntarnos el porqu\u00e9 de esa situaci\u00f3n, para tratar de entender y comprender en qu\u00e9 aspectos podemos intervenir.<\/p>\n<p><\/p>\n<p><\/p>\n<h2><span id=\"Donde-estudiar-la-carrera-de-Trabajo-Social\">\u00bfD\u00f3nde estudiar la carrera de Trabajo Social?<\/span><\/h2>\n<p><\/p>\n<p><\/p>\n<p>Si luego de leer c\u00f3mo fue la experiencia de Mar\u00eda te dieron ganas de estudiar la carrera de Trabajo Social, entonces te contaremos algunas de las instituciones que dictan esta profesi\u00f3n:<\/p>\n<p><\/p>\n<p><\/p>\n<p><strong>Universidades Privadas<\/strong><\/p>\n<p><\/p>\n<p><\/p>\n<ul>\n<li><a href=\"https:\/\/bit.ly\/2WevHNk\" target=\"_blank\" rel=\"noreferrer noopener\">UNEA &#8211; Universidad de Estudios Avanzados<\/a><\/li>\n<li><a href=\"https:\/\/bit.ly\/39QdBo9\" target=\"_blank\" rel=\"noreferrer noopener\">ICEST &#8211; Instituto de Ciencias y Estudios Superiores de Tamaulipas<\/a><\/li>\n<li>Centro Panamericano de Estudios Superiores<\/li>\n<li>Escuela de Trabajo Social Tampico<\/li>\n<li>Universidad Stratford<\/li>\n<li>UVG &#8211; Universidad del Valle Grijalva<\/li>\n<li>Universidad UNE<\/li>\n<\/ul>\n<p><\/p>\n<p><\/p>\n<p><strong>Universidades P\u00fablicas<\/strong><\/p>\n<p><\/p>\n<p><\/p>\n<ul>\n<li>UAEM &#8211; Universidad Aut\u00f3noma del Estado de Morelos<\/li>\n<li>UAA &#8211; Universidad Aut\u00f3noma de Aguascalientes<\/li>\n<li>UJED &#8211; Universidad Ju\u00e1rez del Estado de Durango<\/li>\n<li>Universidad de Colima<\/li>\n<li>UAT &#8211; Universidad Aut\u00f3noma de Tamaulipas<\/li>\n<li>UADEC &#8211; Universidad Aut\u00f3noma de Coahuila<\/li>\n<\/ul>\n<p><\/p>\n<p><\/p>\n<p>Si deseas conocer la lista completa de institutos y universidades que dictan la carrera de Trabajo Social, puedes chequear todas las opciones en nuestro sitio haciendo clic <a href=\"https:\/\/bit.ly\/2XKJMm7\" target=\"_blank\" rel=\"noreferrer noopener\">aqu\u00ed<\/a>.<\/p>\n<p><\/p>\n<p><\/p>\n<h2><span id=\"Se-puede-estudiar-Trabajo-Social-en-linea\">\u00bfSe puede estudiar Trabajo Social en l\u00ednea?<\/span><\/h2>\n<p><\/p>\n<p><\/p>\n<p>S\u00ed, es posible estudiar la carrera de Trabajo Social en l\u00ednea, as\u00ed que, si por motivos laborales, familiares o geogr\u00e1ficos no puedes asistir a una instituci\u00f3n de manera presencial, no hay problema alguno, ya que puedes obtener tu t\u00edtulo universitario desde donde quieras. Para conocer las instituciones que dictan esta licenciatura puedes hacer clic <a href=\"https:\/\/bit.ly\/3kCFMwM\" target=\"_blank\" rel=\"noreferrer noopener\">aqu\u00ed<\/a>.<\/p>\n<p><\/p>\n<p><\/p>\n<p>Si prefieres la modalidad ejecutiva, tambi\u00e9n puedes cursar de esta manera. Visita este <a href=\"https:\/\/bit.ly\/3i1h7Ak\" target=\"_blank\" rel=\"noreferrer noopener\">enlace<\/a> y conoce las universidades que la dictan<\/p>\n<p><\/p>\n<script type='text\/javascript'>\twp_cta_load_variation( '2959', '0' )<\/script><style type=\"text\/css\" id=\"wp_cta_css_custom_2959_0\" class=\"wp_cta_css_2959 \"> #wp_cta_2959_variation_0 #flat-cta-wrapper {font-family: Lato,sans-serif;}\n#wp_cta_2959_variation_0 #inbound-hero {width: 35%;float: left;margin-right: 4%;margin-left: 4%;position: relative;}\n#wp_cta_2959_variation_0 #inbound-content {font-size: 2.625em;font-weight: 300;}\n#wp_cta_2959_variation_0 .inbound-hero-img {width: 100%;}\n#wp_cta_2959_variation_0 #inbound_cta_header {margin: 0 auto;text-align: center;padding-top: 25px;padding-bottom: 25px;padding-left: 25px;padding-right: 25px;}\n#wp_cta_2959_variation_0 #inbound_cta_header .flat-header {font-size: 2.625em;line-height: 1.3;margin: 0;font-weight: 300;color: #fff;margin-bottom: 10px;display: block;}\n#wp_cta_2959_variation_0 #inbound-content span {display: block;font-size: 60%;opacity: 1;padding: 0 0 .6em .1em;color: #fff;line-height: 1.3;}\n#wp_cta_2959_variation_0 .demos {padding-top: 25px;padding-bottom: 13px;}\n#wp_cta_2959_variation_0 .btn:hover, #wp_cta_2959_variation_0 .btn:active {color: #60bcf0;background: #fff;}\n#wp_cta_2959_variation_0 .btn {border: none;font-family: inherit;font-size: inherit;color: inherit;background: none;cursor: pointer;padding: 25px 40px;display: inline-block;text-transform: uppercase;letter-spacing: 1px;font-weight: 700;outline: none;position: relative;-webkit-transition: all .3s;-moz-transition: all .3s;transition: all .3s;width: auto;}\n#wp_cta_2959_variation_0 .btn {border: 3px solid #fff;color: #fff;}\n#wp_cta_2959_variation_0 h2 {margin-top: 40px;font-size: 14px;text-transform: uppercase;}\n#wp_cta_2959_variation_0 p.spacer {height: 5px;overflow: hidden;}\n#wp_cta_2959_variation_0 footer {padding: 20px 0;position: relative;}\n#wp_cta_2959_variation_0 footer iframe {position: absolute;top: 20px;right: 0;}\n#wp_cta_2959_variation_0 table td:first-child {width: 125px;}\n#wp_cta_2959_variation_0 li strong {color: #111;}\n#wp_cta_2959_variation_0 .btn.btn-large {float: right;margin-top: 40px;}\n#wp_cta_2959_variation_0 .ui-ios-overlay {z-index: 99999;position: fixed;top: 50%;left: 50%;width: 200px;height: 200px;margin-left: -100px;margin-top: -100px;filter: progid:DXImageTransform.Microsoft.gradient(startColorstr=#c00,endColorstr=#c00);background: rgba(0,0,0,.8);-webkit-border-radius: 20px;-moz-border-radius: 20px;border-radius: 20px;}\n#wp_cta_2959_variation_0 .ui-ios-overlay .title {color: #fff;font-weight: bold;text-align: center;display: block;font-size: 26px;position: absolute;bottom: 30px;left: 0;width: 100%;}\n#wp_cta_2959_variation_0 .ui-ios-overlay img {display: block;margin: 20% auto 0 auto;}\n#wp_cta_2959_variation_0 .ui-ios-overlay .spinner {left: 50% !important;top: 40% !important;}\n#wp_cta_2959_variation_0 .ios-overlay-show {-webkit-animation-name: ios-overlay-show;-webkit-animation-duration: 750ms;-moz-animation-name: ios-overlay-show;-moz-animation-duration: 750ms;-ms-animation-name: ios-overlay-show;-ms-animation-duration: 750ms;-o-animation-name: ios-overlay-show;-o-animation-duration: 750ms;animation-name: ios-overlay-show;animation-duration: 750ms;}\n@-webkit-keyframes ios-overlay-show {0% {opacity: 0;}\n\t100% {opacity: 1;}}\n@-moz-keyframes ios-overlay-show {0% {opacity: 0;}\n\t100% {opacity: 1;}}\n@-ms-keyframes ios-overlay-show {0% {opacity: 0;}\n\t100% {opacity: 1;}}\n@-o-keyframes ios-overlay-show {0% {opacity: 0;}\n\t100% {opacity: 1;}}\n@keyframes ios-overlay-show {0% {opacity: 0;}\n\t100% {opacity: 1;}}\n#wp_cta_2959_variation_0 .ios-overlay-hide {-webkit-animation-name: ios-overlay-hide;-webkit-animation-duration: 750ms;-webkit-animation-fill-mode: forwards;-moz-animation-name: ios-overlay-hide;-moz-animation-duration: 750ms;-moz-animation-fill-mode: forwards;-ms-animation-name: ios-overlay-hide;-ms-animation-duration: 750ms;-ms-animation-fill-mode: forwards;-o-animation-name: ios-overlay-hide;-o-animation-duration: 750ms;-o-animation-fill-mode: forwards;animation-name: ios-overlay-hide;animation-duration: 750ms;animation-fill-mode: forwards;}\n@-webkit-keyframes ios-overlay-hide {0% {opacity: 1;}\n\t100% {opacity: 0;}}\n@-moz-keyframes ios-overlay-hide {0% {opacity: 1;}\n\t100% {opacity: 0;}}\n@-ms-keyframes ios-overlay-hide {0% {opacity: 1;}\n\t100% {opacity: 0;}}\n@-o-keyframes ios-overlay-hide {0% {opacity: 1;}\n\t100% {opacity: 0;}}\n@keyframes ios-overlay-hide {0% {opacity: 1;}\n\t100% {opacity: 0;}}\n#wp_cta_2959_variation_0 .ui-ios-overlay {z-index: 99999;position: fixed;top: 50%;left: 50%;width: 200px;height: 200px;margin-left: -100px;margin-top: -100px;filter: progid:DXImageTransform.Microsoft.gradient(startColorstr=#c00,endColorstr=#c00);background: rgba(0,0,0,.8);-webkit-border-radius: 20px;-moz-border-radius: 20px;border-radius: 20px;}\n#wp_cta_2959_variation_0 .ui-ios-overlay .title {color: #fff;font-weight: bold;text-align: center;display: block;font-size: 26px;position: absolute;bottom: 30px;left: 0;width: 100%;}\n#wp_cta_2959_variation_0 .ui-ios-overlay img {display: block;margin: 20% auto 0 auto;}\n#wp_cta_2959_variation_0 .ui-ios-overlay .spinner {left: 50% !important;top: 40% !important;}\n#wp_cta_2959_variation_0 .ios-overlay-show {-webkit-animation-name: ios-overlay-show;-webkit-animation-duration: 750ms;-moz-animation-name: ios-overlay-show;-moz-animation-duration: 750ms;-ms-animation-name: ios-overlay-show;-ms-animation-duration: 750ms;-o-animation-name: ios-overlay-show;-o-animation-duration: 750ms;animation-name: ios-overlay-show;animation-duration: 750ms;}\n@-webkit-keyframes ios-overlay-show {0% {opacity: 0;}\n\t100% {opacity: 1;}}\n@-moz-keyframes ios-overlay-show {0% {opacity: 0;}\n\t100% {opacity: 1;}}\n@-ms-keyframes ios-overlay-show {0% {opacity: 0;}\n\t100% {opacity: 1;}}\n@-o-keyframes ios-overlay-show {0% {opacity: 0;}\n\t100% {opacity: 1;}}\n@keyframes ios-overlay-show {0% {opacity: 0;}\n\t100% {opacity: 1;}}\n#wp_cta_2959_variation_0 .ios-overlay-hide {-webkit-animation-name: ios-overlay-hide;-webkit-animation-duration: 750ms;-webkit-animation-fill-mode: forwards;-moz-animation-name: ios-overlay-hide;-moz-animation-duration: 750ms;-moz-animation-fill-mode: forwards;-ms-animation-name: ios-overlay-hide;-ms-animation-duration: 750ms;-ms-animation-fill-mode: forwards;-o-animation-name: ios-overlay-hide;-o-animation-duration: 750ms;-o-animation-fill-mode: forwards;animation-name: ios-overlay-hide;animation-duration: 750ms;animation-fill-mode: forwards;}\n@-webkit-keyframes ios-overlay-hide {0% {opacity: 1;}\n\t100% {opacity: 0;}}\n@-moz-keyframes ios-overlay-hide {0% {opacity: 1;}\n\t100% {opacity: 0;}}\n@-ms-keyframes ios-overlay-hide {0% {opacity: 1;}\n\t100% {opacity: 0;}}\n@-o-keyframes ios-overlay-hide {0% {opacity: 1;}\n\t100% {opacity: 0;}}\n@keyframes ios-overlay-hide {0% {opacity: 1;}\n\t100% {opacity: 0;}}\n#wp_cta_2959_variation_0 .inbound-horizontal input {margin-right: 10px;padding: 3px;padding-top: 2px;}\n#wp_cta_2959_variation_0 .inbound-horizontal {display: inline-block;vertical-align: middle;}\n#wp_cta_2959_variation_0 .inbound-horizontal label {margin-right: 5px;font-size: 20px;vertical-align: middle;}\n#wp_cta_2959_variation_0 #checkMark {text-decoration: none;}\n#wp_cta_2959_variation_0 #cta_container {padding-top: 28px;padding-bottom: 41px;padding-left: 20px;padding-right: 20px;color: #fff;}\n#wp_cta_2959_variation_0 #flat-cta-wrapper {background-color: #00bfbf;}\n#wp_cta_2959_variation_0 #flat-cta-wrapper .btn {border: 3px solid #fff;color: #fff;}\n#wp_cta_2959_variation_0 #flat-cta-wrapper .btn:hover, #wp_cta_2959_variation_0 #flat-cta-wrapper .btn:active {color: #00bfbf;background: #fff;}\n#wp_cta_2959_variation_0 #inbound-content p {color: #fff;}<\/style><script type=\"text\/javascript\">jQuery(document).ready(function($) {\r\n\t\t\t\t\t });<\/script><div id='wp_cta_2959_container' class='wp_cta_container cta_outer_container' style='margin-top:0px;margin-bottom:0px;position:relative;' ><div id='wp_cta_2959_variation_0' class='inbound-cta-container wp_cta_content wp_cta_variation wp_cta_2959_variation_0' style='display:none; margin:auto; width: 100%; height: 300px;'  data-variation='0' data-cta-id='2959'><div id=\"flat-cta-wrapper\">&#13;\n    <div id=\"inbound_cta_header\">&#13;\n        <span class=\"flat-header\">Carrera de Trabajo Social\t<\/span>&#13;\n        <div id=\"inbound-content\"><span>\u00bfQuieres estudiar la Carrera de Trabajo Social? Consulta el listado completo de Instituciones donde puedes hacerlo.<\/span><\/div>&#13;\n        <nav class=\"demos\">&#13;\n            <a href=\"https:\/\/www.cursosycarreras.com.mx\/orientacion\/inbound\/uoi9in5o\" id=\"checkMark\" class=\"btn\" rel=\"nofollow\">M\u00e1s informaci\u00f3n<\/a>&#13;\n        <\/nav>&#13;\n    <\/div>&#13;\n<\/div>&#13;\n<\/div><\/div>\n<\/p>\n<p><\/p>\n<h2><span id=\"Prueba-EduMatch-nuestro-Test-Vocacional\">Prueba EduMatch, nuestro Test Vocacional<\/span><\/h2>\n<p><\/p>\n<p><\/p>\n<p>Saber cu\u00e1l es nuestra vocaci\u00f3n y con qu\u00e9 habilidades contamos es fundamental, ya que ser\u00e1n ellas las que nos den la motivaci\u00f3n necesaria para seguir estudiando.<\/p>\n<p><\/p>\n<p><\/p>\n<p>Si a\u00fan no sabes qu\u00e9 estudiar, no desesperes \u00a1Tenemos lo que necesitas! Descubre las carreras compatibles con tu personalidad con <a href=\"https:\/\/bit.ly\/3uaH70T\" target=\"_blank\" rel=\"noreferrer noopener\">EduMatch<\/a>, nuestro test vocacional online. EduMatch te acerca a tu profesi\u00f3n ideal de forma f\u00e1cil, r\u00e1pida y \u00a1gratis! Solo debes seguir 4 pasos para elegir tu carrera. No esperes m\u00e1s, haz click <a href=\"https:\/\/bit.ly\/3uaH70T\" target=\"_blank\" rel=\"noreferrer noopener\">aqu\u00ed<\/a> y \u00a1decide ya sobre tu futuro!<\/p>\n<p><\/p>\n<p><\/p>\n<h2><span id=\"Para-finalizar\">Para finalizar<\/span><\/h2>\n<p><\/p>\n<p><\/p>\n<p>Este art\u00edculo es la edici\u00f3n de una entrevista realizada por Anal\u00eda Brodsky (Licenciada en Psicolog\u00eda) para el programa radial \u201cVocaciones en Red\u201d. El mismo se dirige a todas las personas que quieran conectar con su vocaci\u00f3n, y conocer testimonios de profesionales.<\/p>\n<p><\/p>\n<p><\/p>\n<p>En esta emisi\u00f3n se entrevist\u00f3 a una egresada de la <strong>carrera de Trabajo Social <\/strong>que nos pudo contar sobre su experiencia profesional. Si quieres saber m\u00e1s sobre esta profesi\u00f3n o sobre las universidades que la dictan, te recomendamos que ingreses a<a href=\"https:\/\/bit.ly\/3ub10oK\" target=\"_blank\" rel=\"noreferrer noopener\"> cursosycarreras.com.mx<\/a>.<\/p>\n<p><\/p>\n","protected":false},"excerpt":{"rendered":"<p>En este art\u00edculo te vamos a compartir la edici\u00f3n de una entrevista realizada a la trabajadora social, Mar\u00eda Isabel Oliveras. En ella contar\u00e1 sobre diversos detalles acerca de la carrera de Trabajo Social seg\u00fan su experiencia. \u00a1Sigue leyendo para conocer m\u00e1s sobre esta profesi\u00f3n!<\/p>\n","protected":false},"author":7,"featured_media":4282,"comment_status":"closed","ping_status":"closed","sticky":false,"template":"","format":"standard","meta":[],"categories":[276,43],"tags":[481,479],"featured_image_urls":{"full":["https:\/\/www.cursosycarreras.com.mx\/orientacion\/wp-content\/uploads\/2021\/09\/carrera-de-trabajo-social-1.jpg",1080,720,false],"thumbnail":["https:\/\/www.cursosycarreras.com.mx\/orientacion\/wp-content\/uploads\/2021\/09\/carrera-de-trabajo-social-1-150x150.jpg",150,150,true],"medium":["https:\/\/www.cursosycarreras.com.mx\/orientacion\/wp-content\/uploads\/2021\/09\/carrera-de-trabajo-social-1-300x200.jpg",300,200,true],"medium_large":["https:\/\/www.cursosycarreras.com.mx\/orientacion\/wp-content\/uploads\/2021\/09\/carrera-de-trabajo-social-1-768x512.jpg",768,512,true],"large":["https:\/\/www.cursosycarreras.com.mx\/orientacion\/wp-content\/uploads\/2021\/09\/carrera-de-trabajo-social-1-1024x683.jpg",920,614,true],"1536x1536":["https:\/\/www.cursosycarreras.com.mx\/orientacion\/wp-content\/uploads\/2021\/09\/carrera-de-trabajo-social-1.jpg",1080,720,false],"2048x2048":["https:\/\/www.cursosycarreras.com.mx\/orientacion\/wp-content\/uploads\/2021\/09\/carrera-de-trabajo-social-1.jpg",1080,720,false],"custom":["https:\/\/www.cursosycarreras.com.mx\/orientacion\/wp-content\/uploads\/2021\/09\/carrera-de-trabajo-social-1-225x150.jpg",225,150,true],"post-thumbnail":["https:\/\/www.cursosycarreras.com.mx\/orientacion\/wp-content\/uploads\/2021\/09\/carrera-de-trabajo-social-1-150x100.jpg",150,100,true],"header":["https:\/\/www.cursosycarreras.com.mx\/orientacion\/wp-content\/uploads\/2021\/09\/carrera-de-trabajo-social-1-1080x120.jpg",1080,120,true],"slider":["https:\/\/www.cursosycarreras.com.mx\/orientacion\/wp-content\/uploads\/2021\/09\/carrera-de-trabajo-social-1-1080x400.jpg",1080,400,true],"columns":["https:\/\/www.cursosycarreras.com.mx\/orientacion\/wp-content\/uploads\/2021\/09\/carrera-de-trabajo-social-1-351x201.jpg",351,201,true]},"post_excerpt_stackable":"<p>En este art\u00edculo te vamos a compartir la edici\u00f3n de una entrevista realizada a la trabajadora social, Mar\u00eda Isabel Oliveras. En ella contar\u00e1 sobre diversos detalles acerca de la carrera de Trabajo Social seg\u00fan su experiencia. \u00a1Sigue leyendo para conocer m\u00e1s sobre esta profesi\u00f3n! &Iacute;ndice1 Entrevista a una trabajadora social2 Los inicios en la carrera de Trabajo Social3 La experiencia laboral como Trabajadora Social4 \u00bfD\u00f3nde puede trabajar un egresado de la carrera de Trabajo Social?5 Mitos de la carrera de Trabajo Social6 \u00bfD\u00f3nde estudiar la carrera de Trabajo Social?7 \u00bfSe puede estudiar Trabajo Social en l\u00ednea?8 Prueba EduMatch, nuestro Test&hellip;<\/p>\n","category_list":"<a href=\"https:\/\/www.cursosycarreras.com.mx\/orientacion\/category\/orientacion-vocacional\/\" rel=\"tag\">Orientaci\u00f3n Vocacional<\/a>, <a href=\"https:\/\/www.cursosycarreras.com.mx\/orientacion\/category\/ciencias-sociales-y-humanidades\/trabajo-social-servicio-social\/\" rel=\"tag\">Trabajo social \/ servicio social<\/a>","author_info":{"name":"Lucila Voccia","url":"https:\/\/www.cursosycarreras.com.mx\/orientacion\/author\/lucila-voccia\/"},"comments_num":"0 comments","yoast_head":"<!-- This site is optimized with the Yoast SEO plugin v18.2 - https:\/\/yoast.com\/wordpress\/plugins\/seo\/ -->\n<title>La carrera de Trabajo Social seg\u00fan una trabajadora social [Entrevista] - CursosyCarreras.com.mx<\/title>\n<meta name=\"description\" content=\"Entrevista realizada a la trabajadora social, Mar\u00eda Isabel Oliveras. \u00a1Conoce la carrera de Trabajo Social desde su experiencia!\" \/>\n<meta name=\"robots\" content=\"index, follow, max-snippet:-1, max-image-preview:large, max-video-preview:-1\" \/>\n<link rel=\"canonical\" href=\"https:\/\/www.cursosycarreras.com.mx\/orientacion\/carrera-de-trabajo-social-entrevista\/\" \/>\n<meta property=\"og:locale\" content=\"es_ES\" \/>\n<meta property=\"og:type\" content=\"article\" \/>\n<meta property=\"og:title\" content=\"La carrera de Trabajo Social seg\u00fan una trabajadora social [Entrevista] - CursosyCarreras.com.mx\" \/>\n<meta property=\"og:description\" content=\"Entrevista realizada a la trabajadora social, Mar\u00eda Isabel Oliveras. \u00a1Conoce la carrera de Trabajo Social desde su experiencia!\" \/>\n<meta property=\"og:url\" content=\"https:\/\/www.cursosycarreras.com.mx\/orientacion\/carrera-de-trabajo-social-entrevista\/\" \/>\n<meta property=\"og:site_name\" content=\"CursosyCarreras.com.mx\" \/>\n<meta property=\"article:publisher\" content=\"https:\/\/www.facebook.com\/CursosyCarrerascom\" \/>\n<meta property=\"article:published_time\" content=\"2021-09-27T16:31:25+00:00\" \/>\n<meta property=\"article:modified_time\" content=\"2022-02-16T15:08:54+00:00\" \/>\n<meta property=\"og:image\" content=\"https:\/\/www.cursosycarreras.com.mx\/orientacion\/wp-content\/uploads\/2021\/09\/carrera-de-trabajo-social-1.jpg\" \/>\n\t<meta property=\"og:image:width\" content=\"1080\" \/>\n\t<meta property=\"og:image:height\" content=\"720\" \/>\n\t<meta property=\"og:image:type\" content=\"image\/jpeg\" \/>\n<meta name=\"twitter:card\" content=\"summary\" \/>\n<meta name=\"twitter:label1\" content=\"Written by\" \/>\n\t<meta name=\"twitter:data1\" content=\"Lucila Voccia\" \/>\n\t<meta name=\"twitter:label2\" content=\"Est. reading time\" \/>\n\t<meta name=\"twitter:data2\" content=\"13 minutos\" \/>\n<script type=\"application\/ld+json\" class=\"yoast-schema-graph\">{\"@context\":\"https:\/\/schema.org\",\"@graph\":[{\"@type\":\"Organization\",\"@id\":\"https:\/\/www.cursosycarreras.com.mx\/orientacion\/#organization\",\"name\":\"Cursos y Carreras M\u00e9xico\",\"url\":\"https:\/\/www.cursosycarreras.com.mx\/orientacion\/\",\"sameAs\":[\"https:\/\/www.facebook.com\/CursosyCarrerascom\"],\"logo\":{\"@type\":\"ImageObject\",\"@id\":\"https:\/\/www.cursosycarreras.com.mx\/orientacion\/#logo\",\"inLanguage\":\"es-AR\",\"url\":\"https:\/\/www.cursosycarreras.com.mx\/orientacion\/wp-content\/uploads\/2018\/10\/logo_cyc.png\",\"contentUrl\":\"https:\/\/www.cursosycarreras.com.mx\/orientacion\/wp-content\/uploads\/2018\/10\/logo_cyc.png\",\"width\":375,\"height\":56,\"caption\":\"Cursos y Carreras M\u00e9xico\"},\"image\":{\"@id\":\"https:\/\/www.cursosycarreras.com.mx\/orientacion\/#logo\"}},{\"@type\":\"WebSite\",\"@id\":\"https:\/\/www.cursosycarreras.com.mx\/orientacion\/#website\",\"url\":\"https:\/\/www.cursosycarreras.com.mx\/orientacion\/\",\"name\":\"CursosyCarreras.com.mx\",\"description\":\"\",\"publisher\":{\"@id\":\"https:\/\/www.cursosycarreras.com.mx\/orientacion\/#organization\"},\"potentialAction\":[{\"@type\":\"SearchAction\",\"target\":{\"@type\":\"EntryPoint\",\"urlTemplate\":\"https:\/\/www.cursosycarreras.com.mx\/orientacion\/?s={search_term_string}\"},\"query-input\":\"required name=search_term_string\"}],\"inLanguage\":\"es-AR\"},{\"@type\":\"ImageObject\",\"@id\":\"https:\/\/www.cursosycarreras.com.mx\/orientacion\/carrera-de-trabajo-social-entrevista\/#primaryimage\",\"inLanguage\":\"es-AR\",\"url\":\"https:\/\/www.cursosycarreras.com.mx\/orientacion\/wp-content\/uploads\/2021\/09\/carrera-de-trabajo-social-1.jpg\",\"contentUrl\":\"https:\/\/www.cursosycarreras.com.mx\/orientacion\/wp-content\/uploads\/2021\/09\/carrera-de-trabajo-social-1.jpg\",\"width\":1080,\"height\":720,\"caption\":\"carrera-de-trabajo-social\"},{\"@type\":\"WebPage\",\"@id\":\"https:\/\/www.cursosycarreras.com.mx\/orientacion\/carrera-de-trabajo-social-entrevista\/#webpage\",\"url\":\"https:\/\/www.cursosycarreras.com.mx\/orientacion\/carrera-de-trabajo-social-entrevista\/\",\"name\":\"La carrera de Trabajo Social seg\u00fan una trabajadora social [Entrevista] - CursosyCarreras.com.mx\",\"isPartOf\":{\"@id\":\"https:\/\/www.cursosycarreras.com.mx\/orientacion\/#website\"},\"primaryImageOfPage\":{\"@id\":\"https:\/\/www.cursosycarreras.com.mx\/orientacion\/carrera-de-trabajo-social-entrevista\/#primaryimage\"},\"datePublished\":\"2021-09-27T16:31:25+00:00\",\"dateModified\":\"2022-02-16T15:08:54+00:00\",\"description\":\"Entrevista realizada a la trabajadora social, Mar\u00eda Isabel Oliveras. \u00a1Conoce la carrera de Trabajo Social desde su experiencia!\",\"breadcrumb\":{\"@id\":\"https:\/\/www.cursosycarreras.com.mx\/orientacion\/carrera-de-trabajo-social-entrevista\/#breadcrumb\"},\"inLanguage\":\"es-AR\",\"potentialAction\":[{\"@type\":\"ReadAction\",\"target\":[\"https:\/\/www.cursosycarreras.com.mx\/orientacion\/carrera-de-trabajo-social-entrevista\/\"]}]},{\"@type\":\"BreadcrumbList\",\"@id\":\"https:\/\/www.cursosycarreras.com.mx\/orientacion\/carrera-de-trabajo-social-entrevista\/#breadcrumb\",\"itemListElement\":[{\"@type\":\"ListItem\",\"position\":1,\"name\":\"Home\",\"item\":\"https:\/\/www.cursosycarreras.com.mx\/orientacion\/\"},{\"@type\":\"ListItem\",\"position\":2,\"name\":\"La carrera de Trabajo Social seg\u00fan una trabajadora social [Entrevista]\"}]},{\"@type\":\"Article\",\"@id\":\"https:\/\/www.cursosycarreras.com.mx\/orientacion\/carrera-de-trabajo-social-entrevista\/#article\",\"isPartOf\":{\"@id\":\"https:\/\/www.cursosycarreras.com.mx\/orientacion\/carrera-de-trabajo-social-entrevista\/#webpage\"},\"author\":{\"@id\":\"https:\/\/www.cursosycarreras.com.mx\/orientacion\/#\/schema\/person\/5578a144e9a582f30bfdd86f0a47c5aa\"},\"headline\":\"La carrera de Trabajo Social seg\u00fan una trabajadora social [Entrevista]\",\"datePublished\":\"2021-09-27T16:31:25+00:00\",\"dateModified\":\"2022-02-16T15:08:54+00:00\",\"mainEntityOfPage\":{\"@id\":\"https:\/\/www.cursosycarreras.com.mx\/orientacion\/carrera-de-trabajo-social-entrevista\/#webpage\"},\"wordCount\":2723,\"publisher\":{\"@id\":\"https:\/\/www.cursosycarreras.com.mx\/orientacion\/#organization\"},\"image\":{\"@id\":\"https:\/\/www.cursosycarreras.com.mx\/orientacion\/carrera-de-trabajo-social-entrevista\/#primaryimage\"},\"thumbnailUrl\":\"https:\/\/www.cursosycarreras.com.mx\/orientacion\/wp-content\/uploads\/2021\/09\/carrera-de-trabajo-social-1.jpg\",\"keywords\":[\"Entrevista a trabajadora social\",\"Licenciatura en Trabajo Social.\"],\"articleSection\":[\"Orientaci\u00f3n Vocacional\",\"Trabajo social \/ servicio social\"],\"inLanguage\":\"es-AR\"},{\"@type\":\"Person\",\"@id\":\"https:\/\/www.cursosycarreras.com.mx\/orientacion\/#\/schema\/person\/5578a144e9a582f30bfdd86f0a47c5aa\",\"name\":\"Lucila Voccia\",\"image\":{\"@type\":\"ImageObject\",\"@id\":\"https:\/\/www.cursosycarreras.com.mx\/orientacion\/#personlogo\",\"inLanguage\":\"es-AR\",\"url\":\"https:\/\/secure.gravatar.com\/avatar\/15276fbf032eca650ecc1822cf278130?s=96&d=mm&r=g\",\"contentUrl\":\"https:\/\/secure.gravatar.com\/avatar\/15276fbf032eca650ecc1822cf278130?s=96&d=mm&r=g\",\"caption\":\"Lucila Voccia\"},\"url\":\"https:\/\/www.cursosycarreras.com.mx\/orientacion\/author\/lucila-voccia\/\"}]}<\/script>\n<!-- \/ Yoast SEO plugin. -->","yoast_head_json":{"title":"La carrera de Trabajo Social seg\u00fan una trabajadora social [Entrevista] - CursosyCarreras.com.mx","description":"Entrevista realizada a la trabajadora social, Mar\u00eda Isabel Oliveras. \u00a1Conoce la carrera de Trabajo Social desde su experiencia!","robots":{"index":"index","follow":"follow","max-snippet":"max-snippet:-1","max-image-preview":"max-image-preview:large","max-video-preview":"max-video-preview:-1"},"canonical":"https:\/\/www.cursosycarreras.com.mx\/orientacion\/carrera-de-trabajo-social-entrevista\/","og_locale":"es_ES","og_type":"article","og_title":"La carrera de Trabajo Social seg\u00fan una trabajadora social [Entrevista] - CursosyCarreras.com.mx","og_description":"Entrevista realizada a la trabajadora social, Mar\u00eda Isabel Oliveras. \u00a1Conoce la carrera de Trabajo Social desde su experiencia!","og_url":"https:\/\/www.cursosycarreras.com.mx\/orientacion\/carrera-de-trabajo-social-entrevista\/","og_site_name":"CursosyCarreras.com.mx","article_publisher":"https:\/\/www.facebook.com\/CursosyCarrerascom","article_published_time":"2021-09-27T16:31:25+00:00","article_modified_time":"2022-02-16T15:08:54+00:00","og_image":[{"width":1080,"height":720,"url":"https:\/\/www.cursosycarreras.com.mx\/orientacion\/wp-content\/uploads\/2021\/09\/carrera-de-trabajo-social-1.jpg","type":"image\/jpeg"}],"twitter_card":"summary","twitter_misc":{"Written by":"Lucila Voccia","Est. reading time":"13 minutos"},"schema":{"@context":"https:\/\/schema.org","@graph":[{"@type":"Organization","@id":"https:\/\/www.cursosycarreras.com.mx\/orientacion\/#organization","name":"Cursos y Carreras M\u00e9xico","url":"https:\/\/www.cursosycarreras.com.mx\/orientacion\/","sameAs":["https:\/\/www.facebook.com\/CursosyCarrerascom"],"logo":{"@type":"ImageObject","@id":"https:\/\/www.cursosycarreras.com.mx\/orientacion\/#logo","inLanguage":"es-AR","url":"https:\/\/www.cursosycarreras.com.mx\/orientacion\/wp-content\/uploads\/2018\/10\/logo_cyc.png","contentUrl":"https:\/\/www.cursosycarreras.com.mx\/orientacion\/wp-content\/uploads\/2018\/10\/logo_cyc.png","width":375,"height":56,"caption":"Cursos y Carreras M\u00e9xico"},"image":{"@id":"https:\/\/www.cursosycarreras.com.mx\/orientacion\/#logo"}},{"@type":"WebSite","@id":"https:\/\/www.cursosycarreras.com.mx\/orientacion\/#website","url":"https:\/\/www.cursosycarreras.com.mx\/orientacion\/","name":"CursosyCarreras.com.mx","description":"","publisher":{"@id":"https:\/\/www.cursosycarreras.com.mx\/orientacion\/#organization"},"potentialAction":[{"@type":"SearchAction","target":{"@type":"EntryPoint","urlTemplate":"https:\/\/www.cursosycarreras.com.mx\/orientacion\/?s={search_term_string}"},"query-input":"required name=search_term_string"}],"inLanguage":"es-AR"},{"@type":"ImageObject","@id":"https:\/\/www.cursosycarreras.com.mx\/orientacion\/carrera-de-trabajo-social-entrevista\/#primaryimage","inLanguage":"es-AR","url":"https:\/\/www.cursosycarreras.com.mx\/orientacion\/wp-content\/uploads\/2021\/09\/carrera-de-trabajo-social-1.jpg","contentUrl":"https:\/\/www.cursosycarreras.com.mx\/orientacion\/wp-content\/uploads\/2021\/09\/carrera-de-trabajo-social-1.jpg","width":1080,"height":720,"caption":"carrera-de-trabajo-social"},{"@type":"WebPage","@id":"https:\/\/www.cursosycarreras.com.mx\/orientacion\/carrera-de-trabajo-social-entrevista\/#webpage","url":"https:\/\/www.cursosycarreras.com.mx\/orientacion\/carrera-de-trabajo-social-entrevista\/","name":"La carrera de Trabajo Social seg\u00fan una trabajadora social [Entrevista] - CursosyCarreras.com.mx","isPartOf":{"@id":"https:\/\/www.cursosycarreras.com.mx\/orientacion\/#website"},"primaryImageOfPage":{"@id":"https:\/\/www.cursosycarreras.com.mx\/orientacion\/carrera-de-trabajo-social-entrevista\/#primaryimage"},"datePublished":"2021-09-27T16:31:25+00:00","dateModified":"2022-02-16T15:08:54+00:00","description":"Entrevista realizada a la trabajadora social, Mar\u00eda Isabel Oliveras. \u00a1Conoce la carrera de Trabajo Social desde su experiencia!","breadcrumb":{"@id":"https:\/\/www.cursosycarreras.com.mx\/orientacion\/carrera-de-trabajo-social-entrevista\/#breadcrumb"},"inLanguage":"es-AR","potentialAction":[{"@type":"ReadAction","target":["https:\/\/www.cursosycarreras.com.mx\/orientacion\/carrera-de-trabajo-social-entrevista\/"]}]},{"@type":"BreadcrumbList","@id":"https:\/\/www.cursosycarreras.com.mx\/orientacion\/carrera-de-trabajo-social-entrevista\/#breadcrumb","itemListElement":[{"@type":"ListItem","position":1,"name":"Home","item":"https:\/\/www.cursosycarreras.com.mx\/orientacion\/"},{"@type":"ListItem","position":2,"name":"La carrera de Trabajo Social seg\u00fan una trabajadora social [Entrevista]"}]},{"@type":"Article","@id":"https:\/\/www.cursosycarreras.com.mx\/orientacion\/carrera-de-trabajo-social-entrevista\/#article","isPartOf":{"@id":"https:\/\/www.cursosycarreras.com.mx\/orientacion\/carrera-de-trabajo-social-entrevista\/#webpage"},"author":{"@id":"https:\/\/www.cursosycarreras.com.mx\/orientacion\/#\/schema\/person\/5578a144e9a582f30bfdd86f0a47c5aa"},"headline":"La carrera de Trabajo Social seg\u00fan una trabajadora social [Entrevista]","datePublished":"2021-09-27T16:31:25+00:00","dateModified":"2022-02-16T15:08:54+00:00","mainEntityOfPage":{"@id":"https:\/\/www.cursosycarreras.com.mx\/orientacion\/carrera-de-trabajo-social-entrevista\/#webpage"},"wordCount":2723,"publisher":{"@id":"https:\/\/www.cursosycarreras.com.mx\/orientacion\/#organization"},"image":{"@id":"https:\/\/www.cursosycarreras.com.mx\/orientacion\/carrera-de-trabajo-social-entrevista\/#primaryimage"},"thumbnailUrl":"https:\/\/www.cursosycarreras.com.mx\/orientacion\/wp-content\/uploads\/2021\/09\/carrera-de-trabajo-social-1.jpg","keywords":["Entrevista a trabajadora social","Licenciatura en Trabajo Social."],"articleSection":["Orientaci\u00f3n Vocacional","Trabajo social \/ servicio social"],"inLanguage":"es-AR"},{"@type":"Person","@id":"https:\/\/www.cursosycarreras.com.mx\/orientacion\/#\/schema\/person\/5578a144e9a582f30bfdd86f0a47c5aa","name":"Lucila Voccia","image":{"@type":"ImageObject","@id":"https:\/\/www.cursosycarreras.com.mx\/orientacion\/#personlogo","inLanguage":"es-AR","url":"https:\/\/secure.gravatar.com\/avatar\/15276fbf032eca650ecc1822cf278130?s=96&d=mm&r=g","contentUrl":"https:\/\/secure.gravatar.com\/avatar\/15276fbf032eca650ecc1822cf278130?s=96&d=mm&r=g","caption":"Lucila Voccia"},"url":"https:\/\/www.cursosycarreras.com.mx\/orientacion\/author\/lucila-voccia\/"}]}},"_links":{"self":[{"href":"https:\/\/www.cursosycarreras.com.mx\/orientacion\/wp-json\/wp\/v2\/posts\/3002"}],"collection":[{"href":"https:\/\/www.cursosycarreras.com.mx\/orientacion\/wp-json\/wp\/v2\/posts"}],"about":[{"href":"https:\/\/www.cursosycarreras.com.mx\/orientacion\/wp-json\/wp\/v2\/types\/post"}],"author":[{"embeddable":true,"href":"https:\/\/www.cursosycarreras.com.mx\/orientacion\/wp-json\/wp\/v2\/users\/7"}],"replies":[{"embeddable":true,"href":"https:\/\/www.cursosycarreras.com.mx\/orientacion\/wp-json\/wp\/v2\/comments?post=3002"}],"version-history":[{"count":5,"href":"https:\/\/www.cursosycarreras.com.mx\/orientacion\/wp-json\/wp\/v2\/posts\/3002\/revisions"}],"predecessor-version":[{"id":4283,"href":"https:\/\/www.cursosycarreras.com.mx\/orientacion\/wp-json\/wp\/v2\/posts\/3002\/revisions\/4283"}],"wp:featuredmedia":[{"embeddable":true,"href":"https:\/\/www.cursosycarreras.com.mx\/orientacion\/wp-json\/wp\/v2\/media\/4282"}],"wp:attachment":[{"href":"https:\/\/www.cursosycarreras.com.mx\/orientacion\/wp-json\/wp\/v2\/media?parent=3002"}],"wp:term":[{"taxonomy":"category","embeddable":true,"href":"https:\/\/www.cursosycarreras.com.mx\/orientacion\/wp-json\/wp\/v2\/categories?post=3002"},{"taxonomy":"post_tag","embeddable":true,"href":"https:\/\/www.cursosycarreras.com.mx\/orientacion\/wp-json\/wp\/v2\/tags?post=3002"}],"curies":[{"name":"wp","href":"https:\/\/api.w.org\/{rel}","templated":true}]}}