{"id":2791,"date":"2021-08-27T19:41:54","date_gmt":"2021-08-27T22:41:54","guid":{"rendered":"https:\/\/www.cursosycarreras.com.mx\/orientacion\/?p=2791"},"modified":"2022-02-16T12:36:32","modified_gmt":"2022-02-16T15:36:32","slug":"carrera-de-periodismo-entrevista","status":"publish","type":"post","link":"https:\/\/www.cursosycarreras.com.mx\/orientacion\/carrera-de-periodismo-entrevista\/","title":{"rendered":"La carrera de Periodismo seg\u00fan un Periodista [Entrevista]"},"content":{"rendered":"<p><\/p>\n<p>En este art\u00edculo te vamos a compartir la edici\u00f3n de una entrevista realizada al locutor y periodista, Franco Salome. En ella contar\u00e1 sobre diversos detalles acerca de la <strong>carrera de Periodismo<\/strong> seg\u00fan su experiencia. \u00a1Sigue leyendo para conocer m\u00e1s sobre esta profesi\u00f3n!<\/p>\n<p><\/p>\n<p><br \/>\n<!--more--><br \/>\n<\/p>\n<p><\/p>\n<figure class=\"wp-block-image size-large\"><img width=\"1024\" height=\"683\" src=\"https:\/\/www.cursosycarreras.com.mx\/orientacion\/wp-content\/uploads\/2021\/08\/carrera-de-periodismo-1-1024x683.jpg\" alt=\"carrera-de-periodismo\" class=\"wp-image-4349\" srcset=\"https:\/\/www.cursosycarreras.com.mx\/orientacion\/wp-content\/uploads\/2021\/08\/carrera-de-periodismo-1-1024x683.jpg 1024w, https:\/\/www.cursosycarreras.com.mx\/orientacion\/wp-content\/uploads\/2021\/08\/carrera-de-periodismo-1-300x200.jpg 300w, https:\/\/www.cursosycarreras.com.mx\/orientacion\/wp-content\/uploads\/2021\/08\/carrera-de-periodismo-1-768x512.jpg 768w, https:\/\/www.cursosycarreras.com.mx\/orientacion\/wp-content\/uploads\/2021\/08\/carrera-de-periodismo-1-225x150.jpg 225w, https:\/\/www.cursosycarreras.com.mx\/orientacion\/wp-content\/uploads\/2021\/08\/carrera-de-periodismo-1-150x100.jpg 150w, https:\/\/www.cursosycarreras.com.mx\/orientacion\/wp-content\/uploads\/2021\/08\/carrera-de-periodismo-1.jpg 1080w\" sizes=\"(max-width: 1024px) 100vw, 1024px\" \/><\/figure>\n<p><\/p>\n<p><\/p>\n<div id=\"toc_container\" class=\"no_bullets\"><p class=\"toc_title\">&Iacute;ndice<\/p><ul class=\"toc_list\"><li><a href=\"#Entrevista-a-un-Periodista-y-Locutor\"><span class=\"toc_number toc_depth_1\">1<\/span> Entrevista a un Periodista y Locutor<\/a><\/li><li><a href=\"#Los-inicios-en-la-carrera-de-Periodismo\"><span class=\"toc_number toc_depth_1\">2<\/span> Los inicios en la carrera de Periodismo<\/a><\/li><li><a href=\"#La-experiencia-laboral-como-Periodista\"><span class=\"toc_number toc_depth_1\">3<\/span> La experiencia laboral como Periodista<\/a><\/li><li><a href=\"#Consejos-para-estudiantes-de-Periodismo\"><span class=\"toc_number toc_depth_1\">4<\/span> Consejos para estudiantes de Periodismo<\/a><\/li><li><a href=\"#Donde-estudiar-la-carrera-de-Periodismo\"><span class=\"toc_number toc_depth_1\">5<\/span> \u00bfD\u00f3nde estudiar la carrera de Periodismo?<\/a><\/li><li><a href=\"#Se-puede-estudiar-Periodismo-en-linea\"><span class=\"toc_number toc_depth_1\">6<\/span> \u00bfSe puede estudiar Periodismo en l\u00ednea?<\/a><\/li><li><a href=\"#Prueba-EduMatch-nuestro-Test-Vocacional\"><span class=\"toc_number toc_depth_1\">7<\/span> Prueba EduMatch, nuestro Test Vocacional<\/a><\/li><li><a href=\"#Para-finalizar\"><span class=\"toc_number toc_depth_1\">8<\/span> Para finalizar<\/a><\/li><\/ul><\/div>\n<h2><span id=\"Entrevista-a-un-Periodista-y-Locutor\">Entrevista a un Periodista y Locutor<\/span><\/h2>\n<p><\/p>\n<p><\/p>\n<p>Al momento de decidir qu\u00e9 estudiar, una de las cuestiones fundamentales es conocer la voz de egresados que den cuenta de su experiencia en el mundo laboral, y de su paso por la carrera. Es por ello que en esta nota vamos a desarrollar la entrevista realizada al locutor y periodista Franco Salome, donde nos cuenta <strong>por qu\u00e9 decidi\u00f3 estudiar la <\/strong><a href=\"https:\/\/bit.ly\/2Y4V0Sz\" target=\"_blank\" rel=\"noreferrer noopener\"><strong>carrera de Periodismo<\/strong><\/a><strong>.<\/strong><\/p>\n<p><\/p>\n<p><\/p>\n<p>Adem\u00e1s, veremos sus inicios en la carrera, c\u00f3mo pas\u00f3 de la locuci\u00f3n al periodismo, la profesionalidad y \u00e9tica dentro del periodismo, consejos y muchos temas m\u00e1s, los cuales te ayudar\u00e1n a decidir si esta es la profesi\u00f3n ideal para ti.<\/p>\n<p><\/p>\n<p><\/p>\n<h3>\u00bfQui\u00e9n es Franco Salome?<\/h3>\n<p><\/p>\n<p><\/p>\n<p>Franco Salome es un locutor graduado de una importante universidad p\u00fablica. Adem\u00e1s, se dedica al periodismo, ha sido reportero para importantes cadenas de televisi\u00f3n y fue galardonado con prestigiosos premios.<\/p>\n<p><\/p>\n<p><\/p>\n<script type='text\/javascript'>\twp_cta_load_variation( '2789', '0' )<\/script><style type=\"text\/css\" id=\"wp_cta_css_custom_2789_0\" class=\"wp_cta_css_2789 \"> #wp_cta_2789_variation_0 #flat-cta-wrapper {font-family: Lato,sans-serif;}\n#wp_cta_2789_variation_0 #inbound-hero {width: 35%;float: left;margin-right: 4%;margin-left: 4%;position: relative;}\n#wp_cta_2789_variation_0 #inbound-content {font-size: 2.625em;font-weight: 300;}\n#wp_cta_2789_variation_0 .inbound-hero-img {width: 100%;}\n#wp_cta_2789_variation_0 #inbound_cta_header {margin: 0 auto;text-align: center;padding-top: 25px;padding-bottom: 25px;padding-left: 25px;padding-right: 25px;}\n#wp_cta_2789_variation_0 #inbound_cta_header .flat-header {font-size: 2.625em;line-height: 1.3;margin: 0;font-weight: 300;color: #fff;margin-bottom: 10px;display: block;}\n#wp_cta_2789_variation_0 #inbound-content span {display: block;font-size: 60%;opacity: 1;padding: 0 0 .6em .1em;color: #fff;line-height: 1.3;}\n#wp_cta_2789_variation_0 .demos {padding-top: 25px;padding-bottom: 13px;}\n#wp_cta_2789_variation_0 .btn:hover, #wp_cta_2789_variation_0 .btn:active {color: #60bcf0;background: #fff;}\n#wp_cta_2789_variation_0 .btn {border: none;font-family: inherit;font-size: inherit;color: inherit;background: none;cursor: pointer;padding: 25px 40px;display: inline-block;text-transform: uppercase;letter-spacing: 1px;font-weight: 700;outline: none;position: relative;-webkit-transition: all .3s;-moz-transition: all .3s;transition: all .3s;width: auto;}\n#wp_cta_2789_variation_0 .btn {border: 3px solid #fff;color: #fff;}\n#wp_cta_2789_variation_0 h2 {margin-top: 40px;font-size: 14px;text-transform: uppercase;}\n#wp_cta_2789_variation_0 p.spacer {height: 5px;overflow: hidden;}\n#wp_cta_2789_variation_0 footer {padding: 20px 0;position: relative;}\n#wp_cta_2789_variation_0 footer iframe {position: absolute;top: 20px;right: 0;}\n#wp_cta_2789_variation_0 table td:first-child {width: 125px;}\n#wp_cta_2789_variation_0 li strong {color: #111;}\n#wp_cta_2789_variation_0 .btn.btn-large {float: right;margin-top: 40px;}\n#wp_cta_2789_variation_0 .ui-ios-overlay {z-index: 99999;position: fixed;top: 50%;left: 50%;width: 200px;height: 200px;margin-left: -100px;margin-top: -100px;filter: progid:DXImageTransform.Microsoft.gradient(startColorstr=#c00,endColorstr=#c00);background: rgba(0,0,0,.8);-webkit-border-radius: 20px;-moz-border-radius: 20px;border-radius: 20px;}\n#wp_cta_2789_variation_0 .ui-ios-overlay .title {color: #fff;font-weight: bold;text-align: center;display: block;font-size: 26px;position: absolute;bottom: 30px;left: 0;width: 100%;}\n#wp_cta_2789_variation_0 .ui-ios-overlay img {display: block;margin: 20% auto 0 auto;}\n#wp_cta_2789_variation_0 .ui-ios-overlay .spinner {left: 50% !important;top: 40% !important;}\n#wp_cta_2789_variation_0 .ios-overlay-show {-webkit-animation-name: ios-overlay-show;-webkit-animation-duration: 750ms;-moz-animation-name: ios-overlay-show;-moz-animation-duration: 750ms;-ms-animation-name: ios-overlay-show;-ms-animation-duration: 750ms;-o-animation-name: ios-overlay-show;-o-animation-duration: 750ms;animation-name: ios-overlay-show;animation-duration: 750ms;}\n@-webkit-keyframes ios-overlay-show {0% {opacity: 0;}\n\t100% {opacity: 1;}}\n@-moz-keyframes ios-overlay-show {0% {opacity: 0;}\n\t100% {opacity: 1;}}\n@-ms-keyframes ios-overlay-show {0% {opacity: 0;}\n\t100% {opacity: 1;}}\n@-o-keyframes ios-overlay-show {0% {opacity: 0;}\n\t100% {opacity: 1;}}\n@keyframes ios-overlay-show {0% {opacity: 0;}\n\t100% {opacity: 1;}}\n#wp_cta_2789_variation_0 .ios-overlay-hide {-webkit-animation-name: ios-overlay-hide;-webkit-animation-duration: 750ms;-webkit-animation-fill-mode: forwards;-moz-animation-name: ios-overlay-hide;-moz-animation-duration: 750ms;-moz-animation-fill-mode: forwards;-ms-animation-name: ios-overlay-hide;-ms-animation-duration: 750ms;-ms-animation-fill-mode: forwards;-o-animation-name: ios-overlay-hide;-o-animation-duration: 750ms;-o-animation-fill-mode: forwards;animation-name: ios-overlay-hide;animation-duration: 750ms;animation-fill-mode: forwards;}\n@-webkit-keyframes ios-overlay-hide {0% {opacity: 1;}\n\t100% {opacity: 0;}}\n@-moz-keyframes ios-overlay-hide {0% {opacity: 1;}\n\t100% {opacity: 0;}}\n@-ms-keyframes ios-overlay-hide {0% {opacity: 1;}\n\t100% {opacity: 0;}}\n@-o-keyframes ios-overlay-hide {0% {opacity: 1;}\n\t100% {opacity: 0;}}\n@keyframes ios-overlay-hide {0% {opacity: 1;}\n\t100% {opacity: 0;}}\n#wp_cta_2789_variation_0 .ui-ios-overlay {z-index: 99999;position: fixed;top: 50%;left: 50%;width: 200px;height: 200px;margin-left: -100px;margin-top: -100px;filter: progid:DXImageTransform.Microsoft.gradient(startColorstr=#c00,endColorstr=#c00);background: rgba(0,0,0,.8);-webkit-border-radius: 20px;-moz-border-radius: 20px;border-radius: 20px;}\n#wp_cta_2789_variation_0 .ui-ios-overlay .title {color: #fff;font-weight: bold;text-align: center;display: block;font-size: 26px;position: absolute;bottom: 30px;left: 0;width: 100%;}\n#wp_cta_2789_variation_0 .ui-ios-overlay img {display: block;margin: 20% auto 0 auto;}\n#wp_cta_2789_variation_0 .ui-ios-overlay .spinner {left: 50% !important;top: 40% !important;}\n#wp_cta_2789_variation_0 .ios-overlay-show {-webkit-animation-name: ios-overlay-show;-webkit-animation-duration: 750ms;-moz-animation-name: ios-overlay-show;-moz-animation-duration: 750ms;-ms-animation-name: ios-overlay-show;-ms-animation-duration: 750ms;-o-animation-name: ios-overlay-show;-o-animation-duration: 750ms;animation-name: ios-overlay-show;animation-duration: 750ms;}\n@-webkit-keyframes ios-overlay-show {0% {opacity: 0;}\n\t100% {opacity: 1;}}\n@-moz-keyframes ios-overlay-show {0% {opacity: 0;}\n\t100% {opacity: 1;}}\n@-ms-keyframes ios-overlay-show {0% {opacity: 0;}\n\t100% {opacity: 1;}}\n@-o-keyframes ios-overlay-show {0% {opacity: 0;}\n\t100% {opacity: 1;}}\n@keyframes ios-overlay-show {0% {opacity: 0;}\n\t100% {opacity: 1;}}\n#wp_cta_2789_variation_0 .ios-overlay-hide {-webkit-animation-name: ios-overlay-hide;-webkit-animation-duration: 750ms;-webkit-animation-fill-mode: forwards;-moz-animation-name: ios-overlay-hide;-moz-animation-duration: 750ms;-moz-animation-fill-mode: forwards;-ms-animation-name: ios-overlay-hide;-ms-animation-duration: 750ms;-ms-animation-fill-mode: forwards;-o-animation-name: ios-overlay-hide;-o-animation-duration: 750ms;-o-animation-fill-mode: forwards;animation-name: ios-overlay-hide;animation-duration: 750ms;animation-fill-mode: forwards;}\n@-webkit-keyframes ios-overlay-hide {0% {opacity: 1;}\n\t100% {opacity: 0;}}\n@-moz-keyframes ios-overlay-hide {0% {opacity: 1;}\n\t100% {opacity: 0;}}\n@-ms-keyframes ios-overlay-hide {0% {opacity: 1;}\n\t100% {opacity: 0;}}\n@-o-keyframes ios-overlay-hide {0% {opacity: 1;}\n\t100% {opacity: 0;}}\n@keyframes ios-overlay-hide {0% {opacity: 1;}\n\t100% {opacity: 0;}}\n#wp_cta_2789_variation_0 .inbound-horizontal input {margin-right: 10px;padding: 3px;padding-top: 2px;}\n#wp_cta_2789_variation_0 .inbound-horizontal {display: inline-block;vertical-align: middle;}\n#wp_cta_2789_variation_0 .inbound-horizontal label {margin-right: 5px;font-size: 20px;vertical-align: middle;}\n#wp_cta_2789_variation_0 #checkMark {text-decoration: none;}\n#wp_cta_2789_variation_0 #cta_container {padding-top: 28px;padding-bottom: 41px;padding-left: 20px;padding-right: 20px;color: #fff;}\n#wp_cta_2789_variation_0 #flat-cta-wrapper {background-color: #00bfbf;}\n#wp_cta_2789_variation_0 #flat-cta-wrapper .btn {border: 3px solid #fff;color: #fff;}\n#wp_cta_2789_variation_0 #flat-cta-wrapper .btn:hover, #wp_cta_2789_variation_0 #flat-cta-wrapper .btn:active {color: #00bfbf;background: #fff;}\n#wp_cta_2789_variation_0 #inbound-content p {color: #fff;}<\/style><script type=\"text\/javascript\">jQuery(document).ready(function($) {\r\n\t\t\t\t\t });<\/script><div id='wp_cta_2789_container' class='wp_cta_container cta_outer_container' style='margin-top:0px;margin-bottom:0px;position:relative;' ><div id='wp_cta_2789_variation_0' class='inbound-cta-container wp_cta_content wp_cta_variation wp_cta_2789_variation_0' style='display:none; margin:auto; width: 100%; height: 300px;'  data-variation='0' data-cta-id='2789'><div id=\"flat-cta-wrapper\">&#13;\n    <div id=\"inbound_cta_header\">&#13;\n        <span class=\"flat-header\">Carrera de Periodismo\t<\/span>&#13;\n        <div id=\"inbound-content\"><span>\u00bfQuieres estudiar la Carrera de Periodismo? Conoce todas las ofertas disponibles en M\u00e9xico<\/span><\/div>&#13;\n        <nav class=\"demos\">&#13;\n            <a href=\"https:\/\/www.cursosycarreras.com.mx\/orientacion\/inbound\/w7o5evo\" id=\"checkMark\" class=\"btn\" rel=\"nofollow\">M\u00e1s informaci\u00f3n<\/a>&#13;\n        <\/nav>&#13;\n    <\/div>&#13;\n<\/div>&#13;\n<\/div><\/div>\n<p><\/p>\n<p><\/p>\n<h2><span id=\"Los-inicios-en-la-carrera-de-Periodismo\">Los inicios en la carrera de Periodismo<\/span><\/h2>\n<p><\/p>\n<p><\/p>\n<h3>\u00bfC\u00f3mo empez\u00f3 tu relaci\u00f3n con el periodismo?<\/h3>\n<p><\/p>\n<p><\/p>\n<p>En mi caso, mi vocaci\u00f3n golpe\u00f3 la puerta de mi vida a muy temprana edad, a los cinco o seis a\u00f1os. Muchas veces me hac\u00edan la t\u00edpica pregunta: \u201c\u00bfQu\u00e9 quieres ser cuando seas grande?\u201d y ya a esa edad quer\u00eda ser periodista. Al escuchar eso, mi padre siempre me desalent\u00f3. \u00c9l era alba\u00f1il y quer\u00eda que yo fuera carpintero. Adem\u00e1s que yo ten\u00eda talento para lustrar muebles, ya que trabaj\u00e9 desde muy peque\u00f1o.<\/p>\n<p><\/p>\n<p><\/p>\n<p>A los trece a\u00f1os ya ten\u00eda claro que quer\u00eda ser periodista y cuando finalic\u00e9 la secundaria, era obrero metal\u00fargico y me levantaba a las cuatro o cinco de la ma\u00f1ana todos los d\u00edas.<\/p>\n<p><\/p>\n<p><\/p>\n<h3>\u00bfLa inspiraci\u00f3n surgi\u00f3 de la radio o la televisi\u00f3n?<\/h3>\n<p><\/p>\n<p><\/p>\n<p>A nosotros nos gustaba m\u00e1s escuchar la radio, m\u00e1s que todo, porque no hab\u00eda televisi\u00f3n. Mi primera televisi\u00f3n la compr\u00e9 a los trece a\u00f1os con mi propio sueldo, pero antes de eso, la radio me dio un desarrollo de la imaginaci\u00f3n incre\u00edble. Despu\u00e9s, cuando empec\u00e9 a ver noticieros y ve\u00eda a personas hablando 3 o 4 idiomas y que viajaban por el mundo, supe que eso era lo que quer\u00eda hacer.<\/p>\n<p><\/p>\n<p><\/p>\n<h3>\u00bfCu\u00e1l fue el camino que seguiste para llegar hasta donde est\u00e1s hoy en d\u00eda?<\/h3>\n<p><\/p>\n<p><\/p>\n<p>Lo que hac\u00eda era pararme en la puerta de las radios y los canales y llamaba para que alguien me atendiera. En muchas de estas te daban la posibilidad de trabajar en la cabina como locutor, que de hecho yo me gradu\u00e9 de locutor. Entonces, teniendo esa posibilidad, empec\u00e9 a tocar timbres en todos lados. Recuerdo en una radio en espec\u00edfico, que me atendieron y me preguntaron que qu\u00e9 quer\u00eda, a lo que yo respondo: \u201c\u00bfPuedo hablar con la jefa de locutores?\u201d Obviamente me preguntaron qui\u00e9n era yo, y yo simplemente dec\u00eda que era un locutor reci\u00e9n graduado.<\/p>\n<p><\/p>\n<p><\/p>\n<p>Para mi sorpresa, la jefa de locutores de esa radio me invit\u00f3 a pasar, me sent\u00e9 en la cabina y me dio un papel que ten\u00eda una l\u00ednea con diez palabras y me pidi\u00f3 que las leyera. Recuerdo que fue un d\u00eda de enero, porque me hab\u00edan dicho que en ese mes era mucho m\u00e1s f\u00e1cil hacer las pruebas ya que era \u00e9poca de vacaciones.<\/p>\n<p><\/p>\n<p><\/p>\n<p>Termin\u00e9 de leer la frase, la jefa entr\u00f3 al estudio y me pregunt\u00f3 si ten\u00eda que hacer algo el lunes, a lo que yo respond\u00ed que absolutamente nada. En realidad, yo era visitador m\u00e9dico, pero no iba a dejar pasar la oportunidad, ya que siempre buscaba la forma de encontrar tiempo para ejercer mi pasi\u00f3n. Entonces fui el lunes siguiente y listo, ya estaba trabajando para esa radio.<\/p>\n<p><\/p>\n<p><\/p>\n<h2><span id=\"La-experiencia-laboral-como-Periodista\">La experiencia laboral como Periodista<\/span><\/h2>\n<p><\/p>\n<p><\/p>\n<h3>\u00bfC\u00f3mo pasaste de la profesi\u00f3n de locutor a ser periodista?<\/h3>\n<p><\/p>\n<p><\/p>\n<p>Todo empez\u00f3 un d\u00eda que un profesor me llam\u00f3 para decirme que estaban haciendo pruebas de locuci\u00f3n y redactor de noticias en una importante radio. Fui al sitio en cuesti\u00f3n, hice la prueba y la pas\u00e9, por lo que ah\u00ed empez\u00f3 mi contacto con la informaci\u00f3n y la noticia. Dicho esto, hay algo muy importante que tengo que decir, porque hay personas que me preguntan c\u00f3mo hice para ejercer periodismo si no tengo la carrera universitaria, lo cual es cierto. Pero, as\u00ed como yo, existen much\u00edsimas figuras de renombre que tampoco cursaron la carrera universitaria para ejercer el periodismo.<\/p>\n<p><\/p>\n<p><\/p>\n<p>Esto suced\u00eda porque en esa \u00e9poca, ingresabas a una empresa period\u00edstica, trabajabas por dos a\u00f1os all\u00ed haciendo tu aporte, y ya pod\u00edas recibir el carnet de periodista, el cual a\u00fan tengo guardado en mi mesa de noche. Creo que fui una de las \u00faltimas personas en conseguir el carnet de periodista de esa manera. Entonces es muy curioso, que pr\u00e1cticamente toda mi carrera la ejerc\u00ed como periodista, y casi nada como locutor.<\/p>\n<p><\/p>\n<p><\/p>\n<h3>Eres una excepci\u00f3n a la regla. \u00bfC\u00f3mo te afecta el no haber tenido una formaci\u00f3n profesional a la hora de hacer periodismo?<\/h3>\n<p><\/p>\n<p><\/p>\n<p>A d\u00eda de hoy, cuarenta y dos a\u00f1os despu\u00e9s de empezar con el periodismo, nunca me quedo conforme con una entrevista cuando termino, siempre creo que pude haberla hecho mejor. A lo mejor, de haber estudiado la carrera en una universidad, no me estar\u00eda pasando. De todas formas, yo tuve una buena formaci\u00f3n en la lectura desde muy peque\u00f1o, ya que aprend\u00ed a leer con la Biblia. Mi madre era testigo de Jehov\u00e1, mi padre era ateo y yo fui testigo de Jehov\u00e1 hasta los 22 a\u00f1os.<\/p>\n<p><\/p>\n<p><\/p>\n<p>Tambi\u00e9n debo destacar que estudi\u00e9 en una escuela privada durante mi educaci\u00f3n inicial, donde tuve excelentes maestros que me ense\u00f1aron la importancia que tiene la lectura. Gracias a ello, soy una persona que le gusta leer mucho, por eso pude ejercer la carrera de Periodismo sin tener un t\u00edtulo universitario, aunque no es lo recomendable.<\/p>\n<p><\/p>\n<p><\/p>\n<h3>\u00bfEs m\u00e1s importante la pr\u00e1ctica que la formaci\u00f3n te\u00f3rica en la carrera de Periodismo??<\/h3>\n<p><\/p>\n<p><\/p>\n<p>El estudiante universitario de Ciencias de la Comunicaci\u00f3n o Periodismo tiene que entender que la universidad le da una formaci\u00f3n intelectual s\u00f3lida y que esa es la formaci\u00f3n que me hubiera gustado tener. Pero el oficio de periodista, la pr\u00e1ctica, es otra cosa. Es importante destacar que no estoy queriendo decir que el oficio es m\u00e1s importante que la formaci\u00f3n acad\u00e9mica, pero s\u00ed deben ir de la mano.<\/p>\n<p><\/p>\n<p><\/p>\n<p>Creo que en muchas universidades existe una excelente formaci\u00f3n, pero muy poca pr\u00e1ctica, y hay otras universidades e institutos que priorizan la pr\u00e1ctica sobre la formaci\u00f3n, <strong>y<\/strong> pienso que deber\u00eda ser un 50\/50. Hay que encontrar ese equilibrio, porque en el primer caso, tienes a un joven que sabe todo lo que debe hacer, pero le va a costar ponerlo en pr\u00e1ctica; y por el otro lado, esos institutos o universidades sueltan a los estudiantes a la calle a hacer entrevistas, mucho antes de lo debido.<\/p>\n<p><\/p>\n<p><\/p>\n<figure class=\"wp-block-image size-large\"><img width=\"1024\" height=\"683\" src=\"https:\/\/www.cursosycarreras.com.mx\/orientacion\/wp-content\/uploads\/2021\/08\/carrera-periodismo-1024x683.jpg\" alt=\"carrera-periodismo\" class=\"wp-image-2793\" srcset=\"https:\/\/www.cursosycarreras.com.mx\/orientacion\/wp-content\/uploads\/2021\/08\/carrera-periodismo-1024x683.jpg 1024w, https:\/\/www.cursosycarreras.com.mx\/orientacion\/wp-content\/uploads\/2021\/08\/carrera-periodismo-300x200.jpg 300w, https:\/\/www.cursosycarreras.com.mx\/orientacion\/wp-content\/uploads\/2021\/08\/carrera-periodismo-768x512.jpg 768w, https:\/\/www.cursosycarreras.com.mx\/orientacion\/wp-content\/uploads\/2021\/08\/carrera-periodismo-1536x1024.jpg 1536w, https:\/\/www.cursosycarreras.com.mx\/orientacion\/wp-content\/uploads\/2021\/08\/carrera-periodismo-2048x1366.jpg 2048w, https:\/\/www.cursosycarreras.com.mx\/orientacion\/wp-content\/uploads\/2021\/08\/carrera-periodismo-225x150.jpg 225w, https:\/\/www.cursosycarreras.com.mx\/orientacion\/wp-content\/uploads\/2021\/08\/carrera-periodismo-150x100.jpg 150w, https:\/\/www.cursosycarreras.com.mx\/orientacion\/wp-content\/uploads\/2021\/08\/carrera-periodismo-scaled.jpg 1080w\" sizes=\"(max-width: 1024px) 100vw, 1024px\" \/><\/figure>\n<p><\/p>\n<p><\/p>\n<h3>H\u00e1blanos un poco del periodismo en general<\/h3>\n<p><\/p>\n<p><\/p>\n<p>Como ya cont\u00e9, lo m\u00edo al principio fue la radio, pero despu\u00e9s me dediqu\u00e9 a la televisi\u00f3n. En la televisi\u00f3n tienes que saber un poco de todo, pero terminas sabiendo nada de nada. Vamos a dividir esto en el <strong>periodismo gr\u00e1fico, periodismo radial y periodismo televisivo<\/strong>, donde el periodismo gr\u00e1fico est\u00e1 en lo m\u00e1s alto.<\/p>\n<p><\/p>\n<p><\/p>\n<p>\u00bfPor qu\u00e9? Porque generalmente en los diarios te env\u00edan a hacer trabajos muy generalizados. Puede ser que te toquen temas policiales, de pol\u00edtica, econom\u00eda y muchas otras cosas que existen especializaciones para ello. Es por eso que ves los grandes diarios del pa\u00eds y siempre te vas a encontrar con periodistas de nivel excepcional. Esto ocurre porque ellos dedican todo su tiempo al art\u00edculo en espec\u00edfico que le encargaron realizar.<\/p>\n<p><\/p>\n<p><\/p>\n<p>Ahora bien, la radio te exige un poco menos que el diario, pero la radio implica tener que aprender a tratar con los oyentes y con los mensajes de los oyentes. Por \u00faltimo, est\u00e1 la televisi\u00f3n, somos el \u00faltimo eslab\u00f3n de la cadena, y me gustar\u00eda dar un ejemplo que viv\u00ed para hacer entender lo dif\u00edcil que es la televisi\u00f3n<\/p>\n<p><\/p>\n<p><\/p>\n<p>En una de mis primeras coberturas, me mandan a hacer un m\u00f3vil en un sitio rural. Entonces me dicen qu\u00e9 es lo que debo decir y hacer, pero yo ten\u00eda la man\u00eda en la radio de decir palabras dif\u00edciles para obligar al que escucha a buscar en el diccionario. Era como una forma de ense\u00f1ar indirectamente a los oyentes. Entonces dije: \u201cEstamos en medio de este ambiente buc\u00f3lico\u2026\u201d. Casi inmediatamente, el gerente de la producci\u00f3n me interrumpe y me dice: \u201c\u00bfQu\u00e9 es eso de buc\u00f3lico? \u00bfAcaso no sabe que no puede usar esa palabra en televisi\u00f3n?\u201d<\/p>\n<p><\/p>\n<p><\/p>\n<p>Quiz\u00e1s no me crean, pero es algo que sucedi\u00f3, y se me cay\u00f3 el mundo encima ya que era una de las primeras coberturas que hice. Con esto que cuento quiero que entiendan que la televisi\u00f3n es un medio de comunicaci\u00f3n en el que por muy poco se reciben cr\u00edticas. Es un medio donde, aunque tengas la mejor de las intenciones, igual habr\u00e1 siempre alguien con algo para quejarse.<\/p>\n<p><\/p>\n<p><\/p>\n<h3>\u00bfC\u00f3mo ves la comunicaci\u00f3n hoy en d\u00eda? \u00bfPiensas que hay un exceso de informaci\u00f3n de parte de los medios?<\/h3>\n<p><\/p>\n<p><\/p>\n<p>Yo creo que nunca hay una exageraci\u00f3n en la informaci\u00f3n, aunque hay algunas excepciones, claro.&nbsp;<\/p>\n<p><\/p>\n<p><\/p>\n<p>Hoy en d\u00eda soy m\u00e1s espectador que periodista, aunque hace un tiempo que ya no miro noticieros en la televisi\u00f3n. Imag\u00ednate esa situaci\u00f3n, un periodista que no ve noticieros, y es que yo antes me la pasaba m\u00e1s de 5 horas al d\u00eda viendo canales de noticias. Ahora s\u00f3lo veo media hora.&nbsp;<\/p>\n<p><\/p>\n<p><\/p>\n<h3>Se dice que un periodista debe mantenerse siempre firme, pero hubo una vez que lloraste en vivo. Cu\u00e9ntanos sobre esa experiencia.<\/h3>\n<p><\/p>\n<p><\/p>\n<p>Esa experiencia fue un tr\u00e1gico d\u00eda cuando cubrimos la noticia de un terremoto. En cualquier lado que miraras, hab\u00eda un edificio derrumbado. Nosotros nos paramos al frente de un edificio, cuando se me acerca una mujer llorando y me pongo a platicar con ella. Obviamente ten\u00edamos la c\u00e1mara encendida, y la se\u00f1ora me cuenta, bajo l\u00e1grimas y sollozos, que su madre junto a dos de sus tres hijas, se encontraban atrapadas debajo de aquel edificio.<\/p>\n<p><\/p>\n<p><\/p>\n<p>Cuando me dijo eso, yo no pude contener mis emociones, por lo que empec\u00e9 a llorar, y claro, la mujer al verme as\u00ed, ya despu\u00e9s no pod\u00eda parar de llorar. Entonces, termin\u00e9 la entrevista como pude, apagamos las c\u00e1maras, el equipo se dedic\u00f3 a consolarla y a m\u00ed me llama el camar\u00f3grafo y me dice: \u201cSi en cada cosa que vamos a hacer, te vas a poner a llorar, entonces nos vamos al aeropuerto, nos montamos en un avi\u00f3n y nos volvemos a nuestro pa\u00eds, porque as\u00ed no tiene sentido seguir\u201d.<\/p>\n<p><\/p>\n<p><\/p>\n<p>A m\u00ed me sirvi\u00f3 mucho eso, porque me di cuenta que a veces se suele distorsionar el t\u00e9rmino de profesionalidad. Creo que no es necesario convertirse en un pedazo de hielo para ser un profesional. Pero si yo no hubiese podido superar eso, nunca m\u00e1s me hubieran mandado a cubrir noticias de ese estilo. Esa en espec\u00edfico, fue la m\u00e1s dif\u00edcil de mi carrera.<\/p>\n<p><\/p>\n<p><\/p>\n<figure class=\"wp-block-image size-large\"><img width=\"1024\" height=\"683\" src=\"https:\/\/www.cursosycarreras.com.mx\/orientacion\/wp-content\/uploads\/2021\/08\/periodismo-1-1024x683.jpg\" alt=\"periodismo\" class=\"wp-image-4348\" srcset=\"https:\/\/www.cursosycarreras.com.mx\/orientacion\/wp-content\/uploads\/2021\/08\/periodismo-1-1024x683.jpg 1024w, https:\/\/www.cursosycarreras.com.mx\/orientacion\/wp-content\/uploads\/2021\/08\/periodismo-1-300x200.jpg 300w, https:\/\/www.cursosycarreras.com.mx\/orientacion\/wp-content\/uploads\/2021\/08\/periodismo-1-768x512.jpg 768w, https:\/\/www.cursosycarreras.com.mx\/orientacion\/wp-content\/uploads\/2021\/08\/periodismo-1-225x150.jpg 225w, https:\/\/www.cursosycarreras.com.mx\/orientacion\/wp-content\/uploads\/2021\/08\/periodismo-1-150x100.jpg 150w, https:\/\/www.cursosycarreras.com.mx\/orientacion\/wp-content\/uploads\/2021\/08\/periodismo-1.jpg 1080w\" sizes=\"(max-width: 1024px) 100vw, 1024px\" \/><\/figure>\n<p><\/p>\n<p><\/p>\n<h3>\u00bfQu\u00e9 opinas sobre la \u00e9tica en la carrera de Periodismo?<\/h3>\n<p><\/p>\n<p><\/p>\n<p>Hoy en d\u00eda es una l\u00ednea muy difusa, tanto as\u00ed que, para una persona algo puede ser sumamente \u00e9tico, pero para otro es algo aborrecible, por lo que <strong>es un tema demasiado subjetivo<\/strong>. Yo mismo he recibido acusaciones de ser poco \u00e9tico por cosas como ponerle un micr\u00f3fono a una madre que perdi\u00f3 a su hijo para que hable.<\/p>\n<p><\/p>\n<p><\/p>\n<p>Yo no lo consideraba anti\u00e9tico, porque cre\u00eda que su historia deb\u00eda ser contada, pero despu\u00e9s me convencieron de que no era \u00e9tico. La \u00e9tica tambi\u00e9n pasa por si alg\u00fan periodista se vende o no a alg\u00fan pol\u00edtico, que hay demasiados casos.<\/p>\n<p><\/p>\n<p><\/p>\n<p>Hubo un gran periodista, cuyo nombre no voy a nombrar, muy preparado y de mucho renombre que luego se descubri\u00f3 que vend\u00eda por grandes sumas de dinero y por poder.&nbsp;<\/p>\n<p><\/p>\n<p><\/p>\n<h2><span id=\"Consejos-para-estudiantes-de-Periodismo\">Consejos para estudiantes de Periodismo<\/span><\/h2>\n<p><\/p>\n<p><\/p>\n<h3>\u00bfQu\u00e9 consejo le dar\u00edas a las personas que quieren seguir la carrera de Periodismo?<\/h3>\n<p><\/p>\n<p><\/p>\n<p>Hubo un tiempo que ven\u00edan muchos j\u00f3venes a entrevistarme como parte de su examen final de periodismo, y a todos y cada uno de ellos les daba el mismo consejo. Lo que les dec\u00eda es que<strong> si no tienen vocaci\u00f3n por el periodismo, entonces no sigan esta carrera<\/strong>. Aqu\u00ed no existen grises, o es blanco o es negro.<\/p>\n<p><\/p>\n<p><\/p>\n<p>El periodismo siempre fue una carrera con muy poca satisfacci\u00f3n econ\u00f3mica, pocas personas pueden vivir con esta profesi\u00f3n. De hecho, en mis primeros quince a\u00f1os como profesional, viv\u00eda de otros trabajos. Fui visitador m\u00e9dico, y durante cuatro o cinco a\u00f1os mis d\u00edas se resum\u00edan en ir a la radio y luego salir corriendo al hospital. Esto lo hac\u00eda para poder solventar todos mis gastos.<\/p>\n<p><\/p>\n<p><\/p>\n<h3>\u00bfQu\u00e9 es tener vocaci\u00f3n por el Periodismo?<\/h3>\n<p><\/p>\n<p><\/p>\n<p>Como dije anteriormente, yo ya sab\u00eda que quer\u00eda dedicarme al periodismo desde los seis a\u00f1os, y a pesar de que me desalentaron m\u00faltiples veces, jam\u00e1s dej\u00e9 esas ganas a un lado, entonces<strong> la vocaci\u00f3n es aquello por lo cual uno siente un amor, y eso era precisamente lo que yo sent\u00eda, un gran amor por esta profesi\u00f3n<\/strong>.<\/p>\n<p><\/p>\n<p><\/p>\n<p>Yo tengo un hermano un a\u00f1o mayor, y tom\u00e1bamos dos latas de duraznos, despu\u00e9s de comernos las frutas, las perfor\u00e1bamos en la base y les insert\u00e1bamos un hilo a cada una. Una lata la ten\u00eda \u00e9l, y la otra yo, y ah\u00ed fue donde descubrimos la comunicaci\u00f3n a trav\u00e9s del hilo. Ten\u00edamos una casa con un terreno grande, yo me iba al frente y \u00e9l al fondo, para hablar a trav\u00e9s de las latas.<\/p>\n<p><\/p>\n<p><\/p>\n<p>\u00bfEntiendes lo que te quiero decir? No era s\u00f3lo una cosa entre mi hermano y yo, sino que yo sent\u00eda un gran inter\u00e9s y un profundo amor por todo esto de la comunicaci\u00f3n, as\u00ed que se podr\u00eda decir que llevo el periodismo en la sangre.<\/p>\n<p><\/p>\n<p><\/p>\n<h2><span id=\"Donde-estudiar-la-carrera-de-Periodismo\">\u00bfD\u00f3nde estudiar la carrera de Periodismo?<\/span><\/h2>\n<p><\/p>\n<p><\/p>\n<p>Si luego de leer c\u00f3mo fue la experiencia de Franco te dieron ganas de estudiar la carrera de Periodismo, entonces te contaremos algunas de las instituciones que dictan esta profesi\u00f3n:<\/p>\n<p><\/p>\n<p><\/p>\n<p><strong>Universidades Privadas<\/strong><\/p>\n<p><\/p>\n<p><\/p>\n<ul>\n<li><a href=\"https:\/\/bit.ly\/2WAqoaZ\" target=\"_blank\" rel=\"noreferrer noopener\">ICEST &#8211; Instituto de Ciencias y Estudios Superiores de Tamaulipas<\/a><\/li>\n<li>UNILA &#8211; Universidad Latina<\/li>\n<li>Universidad de Londres<\/li>\n<li>CECC &#8211; Centro de Estudios en Ciencias de la Comunicaci\u00f3n<\/li>\n<li>Universidad Aut\u00f3noma de la Laguna<\/li>\n<li>Universidad Espa\u00f1ol<\/li>\n<li>UNES &#8211; Universidad Espa\u00f1a de Durango<\/li>\n<li>FUNIBER &#8211; Fundaci\u00f3n Universitaria Iberoamericana<\/li>\n<li>UT &#8211; Universidad Tamaulipeca<\/li>\n<li>UNIVAC &#8211; Universidad del Valle de Cuernavaca<\/li>\n<li>Tecnol\u00f3gico de Monterrey<\/li>\n<li>UP &#8211; Universidad Panamericana<\/li>\n<\/ul>\n<p><\/p>\n<p><\/p>\n<p><strong>Universidades P\u00fablicas<\/strong><\/p>\n<p><\/p>\n<p><\/p>\n<ul>\n<li>Universidad Aut\u00f3noma de Nuevo Le\u00f3n<\/li>\n<li>Universidad Nacional Aut\u00f3noma de M\u00e9xico<\/li>\n<li>Universidad Aut\u00f3noma de Ciudad Ju\u00e1rez<\/li>\n<li>Universidad Aut\u00f3noma de Chihuahua<\/li>\n<li>Universidad de Colima<\/li>\n<\/ul>\n<p><\/p>\n<p><\/p>\n<p>Si deseas conocer la lista completa de institutos y universidades, tanto privadas como p\u00fablicas, te recomendamos ingresar a nuestro sitio haciendo clic <a href=\"https:\/\/bit.ly\/38luG8E\" target=\"_blank\" rel=\"noreferrer noopener\">aqu\u00ed<\/a>.<\/p>\n<p><\/p>\n<p><\/p>\n<figure class=\"wp-block-image size-large\"><img width=\"1024\" height=\"683\" src=\"https:\/\/www.cursosycarreras.com.mx\/orientacion\/wp-content\/uploads\/2021\/08\/periodismo-carrera-1-1024x683.jpg\" alt=\"periodismo-carrera\" class=\"wp-image-4346\" srcset=\"https:\/\/www.cursosycarreras.com.mx\/orientacion\/wp-content\/uploads\/2021\/08\/periodismo-carrera-1-1024x683.jpg 1024w, https:\/\/www.cursosycarreras.com.mx\/orientacion\/wp-content\/uploads\/2021\/08\/periodismo-carrera-1-300x200.jpg 300w, https:\/\/www.cursosycarreras.com.mx\/orientacion\/wp-content\/uploads\/2021\/08\/periodismo-carrera-1-768x512.jpg 768w, https:\/\/www.cursosycarreras.com.mx\/orientacion\/wp-content\/uploads\/2021\/08\/periodismo-carrera-1-225x150.jpg 225w, https:\/\/www.cursosycarreras.com.mx\/orientacion\/wp-content\/uploads\/2021\/08\/periodismo-carrera-1-150x100.jpg 150w, https:\/\/www.cursosycarreras.com.mx\/orientacion\/wp-content\/uploads\/2021\/08\/periodismo-carrera-1.jpg 1080w\" sizes=\"(max-width: 1024px) 100vw, 1024px\" \/><\/figure>\n<p><\/p>\n<p><\/p>\n<h2><span id=\"Se-puede-estudiar-Periodismo-en-linea\">\u00bfSe puede estudiar Periodismo en l\u00ednea?<\/span><\/h2>\n<p><\/p>\n<p><\/p>\n<p>Actualmente existen algunas instituciones educativas que dictan la carrera de Periodismo en l\u00ednea. As\u00ed que si por motivos laborales, familiares o geogr\u00e1ficos no puedes asistir a una instituci\u00f3n de manera presencial, no hay problema alguno, ya que puedes obtener tu t\u00edtulo universitario desde donde quieras.<\/p>\n<p><\/p>\n<p><\/p>\n<p>Para conocer las universidades que la dictan pueden checar este <a href=\"https:\/\/bit.ly\/3gEyF4I\" target=\"_blank\" rel=\"noreferrer noopener\">enlace<\/a>.<\/p>\n<p><\/p>\n<p><\/p>\n<script type='text\/javascript'>\twp_cta_load_variation( '2789', '0' )<\/script><style type=\"text\/css\" id=\"wp_cta_css_custom_2789_0\" class=\"wp_cta_css_2789 \"> #wp_cta_2789_variation_0 #flat-cta-wrapper {font-family: Lato,sans-serif;}\n#wp_cta_2789_variation_0 #inbound-hero {width: 35%;float: left;margin-right: 4%;margin-left: 4%;position: relative;}\n#wp_cta_2789_variation_0 #inbound-content {font-size: 2.625em;font-weight: 300;}\n#wp_cta_2789_variation_0 .inbound-hero-img {width: 100%;}\n#wp_cta_2789_variation_0 #inbound_cta_header {margin: 0 auto;text-align: center;padding-top: 25px;padding-bottom: 25px;padding-left: 25px;padding-right: 25px;}\n#wp_cta_2789_variation_0 #inbound_cta_header .flat-header {font-size: 2.625em;line-height: 1.3;margin: 0;font-weight: 300;color: #fff;margin-bottom: 10px;display: block;}\n#wp_cta_2789_variation_0 #inbound-content span {display: block;font-size: 60%;opacity: 1;padding: 0 0 .6em .1em;color: #fff;line-height: 1.3;}\n#wp_cta_2789_variation_0 .demos {padding-top: 25px;padding-bottom: 13px;}\n#wp_cta_2789_variation_0 .btn:hover, #wp_cta_2789_variation_0 .btn:active {color: #60bcf0;background: #fff;}\n#wp_cta_2789_variation_0 .btn {border: none;font-family: inherit;font-size: inherit;color: inherit;background: none;cursor: pointer;padding: 25px 40px;display: inline-block;text-transform: uppercase;letter-spacing: 1px;font-weight: 700;outline: none;position: relative;-webkit-transition: all .3s;-moz-transition: all .3s;transition: all .3s;width: auto;}\n#wp_cta_2789_variation_0 .btn {border: 3px solid #fff;color: #fff;}\n#wp_cta_2789_variation_0 h2 {margin-top: 40px;font-size: 14px;text-transform: uppercase;}\n#wp_cta_2789_variation_0 p.spacer {height: 5px;overflow: hidden;}\n#wp_cta_2789_variation_0 footer {padding: 20px 0;position: relative;}\n#wp_cta_2789_variation_0 footer iframe {position: absolute;top: 20px;right: 0;}\n#wp_cta_2789_variation_0 table td:first-child {width: 125px;}\n#wp_cta_2789_variation_0 li strong {color: #111;}\n#wp_cta_2789_variation_0 .btn.btn-large {float: right;margin-top: 40px;}\n#wp_cta_2789_variation_0 .ui-ios-overlay {z-index: 99999;position: fixed;top: 50%;left: 50%;width: 200px;height: 200px;margin-left: -100px;margin-top: -100px;filter: progid:DXImageTransform.Microsoft.gradient(startColorstr=#c00,endColorstr=#c00);background: rgba(0,0,0,.8);-webkit-border-radius: 20px;-moz-border-radius: 20px;border-radius: 20px;}\n#wp_cta_2789_variation_0 .ui-ios-overlay .title {color: #fff;font-weight: bold;text-align: center;display: block;font-size: 26px;position: absolute;bottom: 30px;left: 0;width: 100%;}\n#wp_cta_2789_variation_0 .ui-ios-overlay img {display: block;margin: 20% auto 0 auto;}\n#wp_cta_2789_variation_0 .ui-ios-overlay .spinner {left: 50% !important;top: 40% !important;}\n#wp_cta_2789_variation_0 .ios-overlay-show {-webkit-animation-name: ios-overlay-show;-webkit-animation-duration: 750ms;-moz-animation-name: ios-overlay-show;-moz-animation-duration: 750ms;-ms-animation-name: ios-overlay-show;-ms-animation-duration: 750ms;-o-animation-name: ios-overlay-show;-o-animation-duration: 750ms;animation-name: ios-overlay-show;animation-duration: 750ms;}\n@-webkit-keyframes ios-overlay-show {0% {opacity: 0;}\n\t100% {opacity: 1;}}\n@-moz-keyframes ios-overlay-show {0% {opacity: 0;}\n\t100% {opacity: 1;}}\n@-ms-keyframes ios-overlay-show {0% {opacity: 0;}\n\t100% {opacity: 1;}}\n@-o-keyframes ios-overlay-show {0% {opacity: 0;}\n\t100% {opacity: 1;}}\n@keyframes ios-overlay-show {0% {opacity: 0;}\n\t100% {opacity: 1;}}\n#wp_cta_2789_variation_0 .ios-overlay-hide {-webkit-animation-name: ios-overlay-hide;-webkit-animation-duration: 750ms;-webkit-animation-fill-mode: forwards;-moz-animation-name: ios-overlay-hide;-moz-animation-duration: 750ms;-moz-animation-fill-mode: forwards;-ms-animation-name: ios-overlay-hide;-ms-animation-duration: 750ms;-ms-animation-fill-mode: forwards;-o-animation-name: ios-overlay-hide;-o-animation-duration: 750ms;-o-animation-fill-mode: forwards;animation-name: ios-overlay-hide;animation-duration: 750ms;animation-fill-mode: forwards;}\n@-webkit-keyframes ios-overlay-hide {0% {opacity: 1;}\n\t100% {opacity: 0;}}\n@-moz-keyframes ios-overlay-hide {0% {opacity: 1;}\n\t100% {opacity: 0;}}\n@-ms-keyframes ios-overlay-hide {0% {opacity: 1;}\n\t100% {opacity: 0;}}\n@-o-keyframes ios-overlay-hide {0% {opacity: 1;}\n\t100% {opacity: 0;}}\n@keyframes ios-overlay-hide {0% {opacity: 1;}\n\t100% {opacity: 0;}}\n#wp_cta_2789_variation_0 .ui-ios-overlay {z-index: 99999;position: fixed;top: 50%;left: 50%;width: 200px;height: 200px;margin-left: -100px;margin-top: -100px;filter: progid:DXImageTransform.Microsoft.gradient(startColorstr=#c00,endColorstr=#c00);background: rgba(0,0,0,.8);-webkit-border-radius: 20px;-moz-border-radius: 20px;border-radius: 20px;}\n#wp_cta_2789_variation_0 .ui-ios-overlay .title {color: #fff;font-weight: bold;text-align: center;display: block;font-size: 26px;position: absolute;bottom: 30px;left: 0;width: 100%;}\n#wp_cta_2789_variation_0 .ui-ios-overlay img {display: block;margin: 20% auto 0 auto;}\n#wp_cta_2789_variation_0 .ui-ios-overlay .spinner {left: 50% !important;top: 40% !important;}\n#wp_cta_2789_variation_0 .ios-overlay-show {-webkit-animation-name: ios-overlay-show;-webkit-animation-duration: 750ms;-moz-animation-name: ios-overlay-show;-moz-animation-duration: 750ms;-ms-animation-name: ios-overlay-show;-ms-animation-duration: 750ms;-o-animation-name: ios-overlay-show;-o-animation-duration: 750ms;animation-name: ios-overlay-show;animation-duration: 750ms;}\n@-webkit-keyframes ios-overlay-show {0% {opacity: 0;}\n\t100% {opacity: 1;}}\n@-moz-keyframes ios-overlay-show {0% {opacity: 0;}\n\t100% {opacity: 1;}}\n@-ms-keyframes ios-overlay-show {0% {opacity: 0;}\n\t100% {opacity: 1;}}\n@-o-keyframes ios-overlay-show {0% {opacity: 0;}\n\t100% {opacity: 1;}}\n@keyframes ios-overlay-show {0% {opacity: 0;}\n\t100% {opacity: 1;}}\n#wp_cta_2789_variation_0 .ios-overlay-hide {-webkit-animation-name: ios-overlay-hide;-webkit-animation-duration: 750ms;-webkit-animation-fill-mode: forwards;-moz-animation-name: ios-overlay-hide;-moz-animation-duration: 750ms;-moz-animation-fill-mode: forwards;-ms-animation-name: ios-overlay-hide;-ms-animation-duration: 750ms;-ms-animation-fill-mode: forwards;-o-animation-name: ios-overlay-hide;-o-animation-duration: 750ms;-o-animation-fill-mode: forwards;animation-name: ios-overlay-hide;animation-duration: 750ms;animation-fill-mode: forwards;}\n@-webkit-keyframes ios-overlay-hide {0% {opacity: 1;}\n\t100% {opacity: 0;}}\n@-moz-keyframes ios-overlay-hide {0% {opacity: 1;}\n\t100% {opacity: 0;}}\n@-ms-keyframes ios-overlay-hide {0% {opacity: 1;}\n\t100% {opacity: 0;}}\n@-o-keyframes ios-overlay-hide {0% {opacity: 1;}\n\t100% {opacity: 0;}}\n@keyframes ios-overlay-hide {0% {opacity: 1;}\n\t100% {opacity: 0;}}\n#wp_cta_2789_variation_0 .inbound-horizontal input {margin-right: 10px;padding: 3px;padding-top: 2px;}\n#wp_cta_2789_variation_0 .inbound-horizontal {display: inline-block;vertical-align: middle;}\n#wp_cta_2789_variation_0 .inbound-horizontal label {margin-right: 5px;font-size: 20px;vertical-align: middle;}\n#wp_cta_2789_variation_0 #checkMark {text-decoration: none;}\n#wp_cta_2789_variation_0 #cta_container {padding-top: 28px;padding-bottom: 41px;padding-left: 20px;padding-right: 20px;color: #fff;}\n#wp_cta_2789_variation_0 #flat-cta-wrapper {background-color: #00bfbf;}\n#wp_cta_2789_variation_0 #flat-cta-wrapper .btn {border: 3px solid #fff;color: #fff;}\n#wp_cta_2789_variation_0 #flat-cta-wrapper .btn:hover, #wp_cta_2789_variation_0 #flat-cta-wrapper .btn:active {color: #00bfbf;background: #fff;}\n#wp_cta_2789_variation_0 #inbound-content p {color: #fff;}<\/style><script type=\"text\/javascript\">jQuery(document).ready(function($) {\r\n\t\t\t\t\t });<\/script><div id='wp_cta_2789_container' class='wp_cta_container cta_outer_container' style='margin-top:0px;margin-bottom:0px;position:relative;' ><div id='wp_cta_2789_variation_0' class='inbound-cta-container wp_cta_content wp_cta_variation wp_cta_2789_variation_0' style='display:none; margin:auto; width: 100%; height: 300px;'  data-variation='0' data-cta-id='2789'><div id=\"flat-cta-wrapper\">&#13;\n    <div id=\"inbound_cta_header\">&#13;\n        <span class=\"flat-header\">Carrera de Periodismo\t<\/span>&#13;\n        <div id=\"inbound-content\"><span>\u00bfQuieres estudiar la Carrera de Periodismo? Conoce todas las ofertas disponibles en M\u00e9xico<\/span><\/div>&#13;\n        <nav class=\"demos\">&#13;\n            <a href=\"https:\/\/www.cursosycarreras.com.mx\/orientacion\/inbound\/w7o5evo\" id=\"checkMark\" class=\"btn\" rel=\"nofollow\">M\u00e1s informaci\u00f3n<\/a>&#13;\n        <\/nav>&#13;\n    <\/div>&#13;\n<\/div>&#13;\n<\/div><\/div>\n<p><\/p>\n<p><\/p>\n<h2><span id=\"Prueba-EduMatch-nuestro-Test-Vocacional\">Prueba EduMatch, nuestro Test Vocacional<\/span><\/h2>\n<p><\/p>\n<p><\/p>\n<p>Saber cu\u00e1l es nuestra vocaci\u00f3n y con qu\u00e9 habilidades contamos es fundamental, ya que ser\u00e1n ellas las que nos dan la motivaci\u00f3n necesaria para seguir estudiando.<\/p>\n<p><\/p>\n<p><\/p>\n<p>Si a\u00fan no sabes qu\u00e9 estudiar, no desesperes \u00a1Tenemos lo que necesitas! Descubre las carreras compatibles con tu personalidad con <a href=\"https:\/\/bit.ly\/3DsLXv0\" target=\"_blank\" rel=\"noreferrer noopener\">EduMatch<\/a>, nuestro test vocacional online. EduMatch te acerca a tu profesi\u00f3n ideal de forma f\u00e1cil, r\u00e1pida y \u00a1gratis! Solo debes seguir cuatro pasos para elegir tu carrera. No esperes m\u00e1s, haz <a href=\"https:\/\/bit.ly\/3DsLXv0\" target=\"_blank\" rel=\"noreferrer noopener\">clic<\/a> y \u00a1decide ya sobre tu futuro!<\/p>\n<p><\/p>\n<p><\/p>\n<h2><span id=\"Para-finalizar\">Para finalizar<\/span><\/h2>\n<p><\/p>\n<p><\/p>\n<p>Este art\u00edculo es la edici\u00f3n de una entrevista realizada por Anal\u00eda Brodsky (Licenciada en Psicolog\u00eda) para el programa radial \u201cVocaciones en Red\u201d. El mismo se dirige a todas las personas que quieran conectar con su vocaci\u00f3n, y conocer testimonios de profesionales.<\/p>\n<p><\/p>\n<p><\/p>\n<p>En esta emisi\u00f3n se entrevist\u00f3 a un egresado de la<strong> carrera de Periodismo <\/strong>que nos pudo contar sobre su experiencia profesional. Si quieres saber m\u00e1s sobre esta profesi\u00f3n o las universidades que la dictan, te recomendamos que ingreses a <a href=\"https:\/\/bit.ly\/3kqEnIq\" target=\"_blank\" rel=\"noreferrer noopener\">cursosycarreras.com.mx<\/a>.<\/p>\n<p><\/p>\n","protected":false},"excerpt":{"rendered":"<p>En este art\u00edculo te vamos a compartir la edici\u00f3n de una entrevista realizada al locutor y periodista, Franco Salome. En ella contar\u00e1 sobre diversos detalles acerca de la carrera de Periodismo seg\u00fan su experiencia. \u00a1Sigue leyendo para conocer m\u00e1s sobre esta profesi\u00f3n!<\/p>\n","protected":false},"author":7,"featured_media":4349,"comment_status":"closed","ping_status":"closed","sticky":false,"template":"","format":"standard","meta":[],"categories":[276,36],"tags":[443],"featured_image_urls":{"full":["https:\/\/www.cursosycarreras.com.mx\/orientacion\/wp-content\/uploads\/2021\/08\/carrera-de-periodismo-1.jpg",1080,720,false],"thumbnail":["https:\/\/www.cursosycarreras.com.mx\/orientacion\/wp-content\/uploads\/2021\/08\/carrera-de-periodismo-1-150x150.jpg",150,150,true],"medium":["https:\/\/www.cursosycarreras.com.mx\/orientacion\/wp-content\/uploads\/2021\/08\/carrera-de-periodismo-1-300x200.jpg",300,200,true],"medium_large":["https:\/\/www.cursosycarreras.com.mx\/orientacion\/wp-content\/uploads\/2021\/08\/carrera-de-periodismo-1-768x512.jpg",768,512,true],"large":["https:\/\/www.cursosycarreras.com.mx\/orientacion\/wp-content\/uploads\/2021\/08\/carrera-de-periodismo-1-1024x683.jpg",920,614,true],"1536x1536":["https:\/\/www.cursosycarreras.com.mx\/orientacion\/wp-content\/uploads\/2021\/08\/carrera-de-periodismo-1.jpg",1080,720,false],"2048x2048":["https:\/\/www.cursosycarreras.com.mx\/orientacion\/wp-content\/uploads\/2021\/08\/carrera-de-periodismo-1.jpg",1080,720,false],"custom":["https:\/\/www.cursosycarreras.com.mx\/orientacion\/wp-content\/uploads\/2021\/08\/carrera-de-periodismo-1-225x150.jpg",225,150,true],"post-thumbnail":["https:\/\/www.cursosycarreras.com.mx\/orientacion\/wp-content\/uploads\/2021\/08\/carrera-de-periodismo-1-150x100.jpg",150,100,true],"header":["https:\/\/www.cursosycarreras.com.mx\/orientacion\/wp-content\/uploads\/2021\/08\/carrera-de-periodismo-1-1080x120.jpg",1080,120,true],"slider":["https:\/\/www.cursosycarreras.com.mx\/orientacion\/wp-content\/uploads\/2021\/08\/carrera-de-periodismo-1-1080x400.jpg",1080,400,true],"columns":["https:\/\/www.cursosycarreras.com.mx\/orientacion\/wp-content\/uploads\/2021\/08\/carrera-de-periodismo-1-351x201.jpg",351,201,true]},"post_excerpt_stackable":"<p>En este art\u00edculo te vamos a compartir la edici\u00f3n de una entrevista realizada al locutor y periodista, Franco Salome. En ella contar\u00e1 sobre diversos detalles acerca de la carrera de Periodismo seg\u00fan su experiencia. \u00a1Sigue leyendo para conocer m\u00e1s sobre esta profesi\u00f3n! &Iacute;ndice1 Entrevista a un Periodista y Locutor2 Los inicios en la carrera de Periodismo3 La experiencia laboral como Periodista4 Consejos para estudiantes de Periodismo5 \u00bfD\u00f3nde estudiar la carrera de Periodismo?6 \u00bfSe puede estudiar Periodismo en l\u00ednea?7 Prueba EduMatch, nuestro Test Vocacional8 Para finalizar Entrevista a un Periodista y Locutor Al momento de decidir qu\u00e9 estudiar, una de las&hellip;<\/p>\n","category_list":"<a href=\"https:\/\/www.cursosycarreras.com.mx\/orientacion\/category\/orientacion-vocacional\/\" rel=\"tag\">Orientaci\u00f3n Vocacional<\/a>, <a href=\"https:\/\/www.cursosycarreras.com.mx\/orientacion\/category\/comunicacion-y-medios\/periodismo\/\" rel=\"tag\">Periodismo<\/a>","author_info":{"name":"Lucila Voccia","url":"https:\/\/www.cursosycarreras.com.mx\/orientacion\/author\/lucila-voccia\/"},"comments_num":"0 comments","yoast_head":"<!-- This site is optimized with the Yoast SEO plugin v18.2 - https:\/\/yoast.com\/wordpress\/plugins\/seo\/ -->\n<title>La carrera de Periodismo seg\u00fan un Periodista [Entrevista] - CursosyCarreras.com.mx<\/title>\n<meta name=\"description\" content=\"En esta nota te vamos a compartir la edici\u00f3n de una entrevista realizada a un egresado de la carrera de periodismo. \u00a1Conoce todo sobre la profesi\u00f3n!\" \/>\n<meta name=\"robots\" content=\"index, follow, max-snippet:-1, max-image-preview:large, max-video-preview:-1\" \/>\n<link rel=\"canonical\" href=\"https:\/\/www.cursosycarreras.com.mx\/orientacion\/carrera-de-periodismo-entrevista\/\" \/>\n<meta property=\"og:locale\" content=\"es_ES\" \/>\n<meta property=\"og:type\" content=\"article\" \/>\n<meta property=\"og:title\" content=\"La carrera de Periodismo seg\u00fan un Periodista [Entrevista] - CursosyCarreras.com.mx\" \/>\n<meta property=\"og:description\" content=\"En esta nota te vamos a compartir la edici\u00f3n de una entrevista realizada a un egresado de la carrera de periodismo. \u00a1Conoce todo sobre la profesi\u00f3n!\" \/>\n<meta property=\"og:url\" content=\"https:\/\/www.cursosycarreras.com.mx\/orientacion\/carrera-de-periodismo-entrevista\/\" \/>\n<meta property=\"og:site_name\" content=\"CursosyCarreras.com.mx\" \/>\n<meta property=\"article:publisher\" content=\"https:\/\/www.facebook.com\/CursosyCarrerascom\" \/>\n<meta property=\"article:published_time\" content=\"2021-08-27T22:41:54+00:00\" \/>\n<meta property=\"article:modified_time\" content=\"2022-02-16T15:36:32+00:00\" \/>\n<meta property=\"og:image\" content=\"https:\/\/www.cursosycarreras.com.mx\/orientacion\/wp-content\/uploads\/2021\/08\/carrera-de-periodismo-1.jpg\" \/>\n\t<meta property=\"og:image:width\" content=\"1080\" \/>\n\t<meta property=\"og:image:height\" content=\"720\" \/>\n\t<meta property=\"og:image:type\" content=\"image\/jpeg\" \/>\n<meta name=\"twitter:card\" content=\"summary\" \/>\n<meta name=\"twitter:label1\" content=\"Written by\" \/>\n\t<meta name=\"twitter:data1\" content=\"Lucila Voccia\" \/>\n\t<meta name=\"twitter:label2\" content=\"Est. reading time\" \/>\n\t<meta name=\"twitter:data2\" content=\"14 minutos\" \/>\n<script type=\"application\/ld+json\" class=\"yoast-schema-graph\">{\"@context\":\"https:\/\/schema.org\",\"@graph\":[{\"@type\":\"Organization\",\"@id\":\"https:\/\/www.cursosycarreras.com.mx\/orientacion\/#organization\",\"name\":\"Cursos y Carreras M\u00e9xico\",\"url\":\"https:\/\/www.cursosycarreras.com.mx\/orientacion\/\",\"sameAs\":[\"https:\/\/www.facebook.com\/CursosyCarrerascom\"],\"logo\":{\"@type\":\"ImageObject\",\"@id\":\"https:\/\/www.cursosycarreras.com.mx\/orientacion\/#logo\",\"inLanguage\":\"es-AR\",\"url\":\"https:\/\/www.cursosycarreras.com.mx\/orientacion\/wp-content\/uploads\/2018\/10\/logo_cyc.png\",\"contentUrl\":\"https:\/\/www.cursosycarreras.com.mx\/orientacion\/wp-content\/uploads\/2018\/10\/logo_cyc.png\",\"width\":375,\"height\":56,\"caption\":\"Cursos y Carreras M\u00e9xico\"},\"image\":{\"@id\":\"https:\/\/www.cursosycarreras.com.mx\/orientacion\/#logo\"}},{\"@type\":\"WebSite\",\"@id\":\"https:\/\/www.cursosycarreras.com.mx\/orientacion\/#website\",\"url\":\"https:\/\/www.cursosycarreras.com.mx\/orientacion\/\",\"name\":\"CursosyCarreras.com.mx\",\"description\":\"\",\"publisher\":{\"@id\":\"https:\/\/www.cursosycarreras.com.mx\/orientacion\/#organization\"},\"potentialAction\":[{\"@type\":\"SearchAction\",\"target\":{\"@type\":\"EntryPoint\",\"urlTemplate\":\"https:\/\/www.cursosycarreras.com.mx\/orientacion\/?s={search_term_string}\"},\"query-input\":\"required name=search_term_string\"}],\"inLanguage\":\"es-AR\"},{\"@type\":\"ImageObject\",\"@id\":\"https:\/\/www.cursosycarreras.com.mx\/orientacion\/carrera-de-periodismo-entrevista\/#primaryimage\",\"inLanguage\":\"es-AR\",\"url\":\"https:\/\/www.cursosycarreras.com.mx\/orientacion\/wp-content\/uploads\/2021\/08\/carrera-de-periodismo-1.jpg\",\"contentUrl\":\"https:\/\/www.cursosycarreras.com.mx\/orientacion\/wp-content\/uploads\/2021\/08\/carrera-de-periodismo-1.jpg\",\"width\":1080,\"height\":720,\"caption\":\"carrera-de-periodismo\"},{\"@type\":\"WebPage\",\"@id\":\"https:\/\/www.cursosycarreras.com.mx\/orientacion\/carrera-de-periodismo-entrevista\/#webpage\",\"url\":\"https:\/\/www.cursosycarreras.com.mx\/orientacion\/carrera-de-periodismo-entrevista\/\",\"name\":\"La carrera de Periodismo seg\u00fan un Periodista [Entrevista] - CursosyCarreras.com.mx\",\"isPartOf\":{\"@id\":\"https:\/\/www.cursosycarreras.com.mx\/orientacion\/#website\"},\"primaryImageOfPage\":{\"@id\":\"https:\/\/www.cursosycarreras.com.mx\/orientacion\/carrera-de-periodismo-entrevista\/#primaryimage\"},\"datePublished\":\"2021-08-27T22:41:54+00:00\",\"dateModified\":\"2022-02-16T15:36:32+00:00\",\"description\":\"En esta nota te vamos a compartir la edici\u00f3n de una entrevista realizada a un egresado de la carrera de periodismo. \u00a1Conoce todo sobre la profesi\u00f3n!\",\"breadcrumb\":{\"@id\":\"https:\/\/www.cursosycarreras.com.mx\/orientacion\/carrera-de-periodismo-entrevista\/#breadcrumb\"},\"inLanguage\":\"es-AR\",\"potentialAction\":[{\"@type\":\"ReadAction\",\"target\":[\"https:\/\/www.cursosycarreras.com.mx\/orientacion\/carrera-de-periodismo-entrevista\/\"]}]},{\"@type\":\"BreadcrumbList\",\"@id\":\"https:\/\/www.cursosycarreras.com.mx\/orientacion\/carrera-de-periodismo-entrevista\/#breadcrumb\",\"itemListElement\":[{\"@type\":\"ListItem\",\"position\":1,\"name\":\"Home\",\"item\":\"https:\/\/www.cursosycarreras.com.mx\/orientacion\/\"},{\"@type\":\"ListItem\",\"position\":2,\"name\":\"La carrera de Periodismo seg\u00fan un Periodista [Entrevista]\"}]},{\"@type\":\"Article\",\"@id\":\"https:\/\/www.cursosycarreras.com.mx\/orientacion\/carrera-de-periodismo-entrevista\/#article\",\"isPartOf\":{\"@id\":\"https:\/\/www.cursosycarreras.com.mx\/orientacion\/carrera-de-periodismo-entrevista\/#webpage\"},\"author\":{\"@id\":\"https:\/\/www.cursosycarreras.com.mx\/orientacion\/#\/schema\/person\/5578a144e9a582f30bfdd86f0a47c5aa\"},\"headline\":\"La carrera de Periodismo seg\u00fan un Periodista [Entrevista]\",\"datePublished\":\"2021-08-27T22:41:54+00:00\",\"dateModified\":\"2022-02-16T15:36:32+00:00\",\"mainEntityOfPage\":{\"@id\":\"https:\/\/www.cursosycarreras.com.mx\/orientacion\/carrera-de-periodismo-entrevista\/#webpage\"},\"wordCount\":2955,\"publisher\":{\"@id\":\"https:\/\/www.cursosycarreras.com.mx\/orientacion\/#organization\"},\"image\":{\"@id\":\"https:\/\/www.cursosycarreras.com.mx\/orientacion\/carrera-de-periodismo-entrevista\/#primaryimage\"},\"thumbnailUrl\":\"https:\/\/www.cursosycarreras.com.mx\/orientacion\/wp-content\/uploads\/2021\/08\/carrera-de-periodismo-1.jpg\",\"keywords\":[\"Carrera de Periodismo\"],\"articleSection\":[\"Orientaci\u00f3n Vocacional\",\"Periodismo\"],\"inLanguage\":\"es-AR\"},{\"@type\":\"Person\",\"@id\":\"https:\/\/www.cursosycarreras.com.mx\/orientacion\/#\/schema\/person\/5578a144e9a582f30bfdd86f0a47c5aa\",\"name\":\"Lucila Voccia\",\"image\":{\"@type\":\"ImageObject\",\"@id\":\"https:\/\/www.cursosycarreras.com.mx\/orientacion\/#personlogo\",\"inLanguage\":\"es-AR\",\"url\":\"https:\/\/secure.gravatar.com\/avatar\/15276fbf032eca650ecc1822cf278130?s=96&d=mm&r=g\",\"contentUrl\":\"https:\/\/secure.gravatar.com\/avatar\/15276fbf032eca650ecc1822cf278130?s=96&d=mm&r=g\",\"caption\":\"Lucila Voccia\"},\"url\":\"https:\/\/www.cursosycarreras.com.mx\/orientacion\/author\/lucila-voccia\/\"}]}<\/script>\n<!-- \/ Yoast SEO plugin. -->","yoast_head_json":{"title":"La carrera de Periodismo seg\u00fan un Periodista [Entrevista] - CursosyCarreras.com.mx","description":"En esta nota te vamos a compartir la edici\u00f3n de una entrevista realizada a un egresado de la carrera de periodismo. \u00a1Conoce todo sobre la profesi\u00f3n!","robots":{"index":"index","follow":"follow","max-snippet":"max-snippet:-1","max-image-preview":"max-image-preview:large","max-video-preview":"max-video-preview:-1"},"canonical":"https:\/\/www.cursosycarreras.com.mx\/orientacion\/carrera-de-periodismo-entrevista\/","og_locale":"es_ES","og_type":"article","og_title":"La carrera de Periodismo seg\u00fan un Periodista [Entrevista] - CursosyCarreras.com.mx","og_description":"En esta nota te vamos a compartir la edici\u00f3n de una entrevista realizada a un egresado de la carrera de periodismo. \u00a1Conoce todo sobre la profesi\u00f3n!","og_url":"https:\/\/www.cursosycarreras.com.mx\/orientacion\/carrera-de-periodismo-entrevista\/","og_site_name":"CursosyCarreras.com.mx","article_publisher":"https:\/\/www.facebook.com\/CursosyCarrerascom","article_published_time":"2021-08-27T22:41:54+00:00","article_modified_time":"2022-02-16T15:36:32+00:00","og_image":[{"width":1080,"height":720,"url":"https:\/\/www.cursosycarreras.com.mx\/orientacion\/wp-content\/uploads\/2021\/08\/carrera-de-periodismo-1.jpg","type":"image\/jpeg"}],"twitter_card":"summary","twitter_misc":{"Written by":"Lucila Voccia","Est. reading time":"14 minutos"},"schema":{"@context":"https:\/\/schema.org","@graph":[{"@type":"Organization","@id":"https:\/\/www.cursosycarreras.com.mx\/orientacion\/#organization","name":"Cursos y Carreras M\u00e9xico","url":"https:\/\/www.cursosycarreras.com.mx\/orientacion\/","sameAs":["https:\/\/www.facebook.com\/CursosyCarrerascom"],"logo":{"@type":"ImageObject","@id":"https:\/\/www.cursosycarreras.com.mx\/orientacion\/#logo","inLanguage":"es-AR","url":"https:\/\/www.cursosycarreras.com.mx\/orientacion\/wp-content\/uploads\/2018\/10\/logo_cyc.png","contentUrl":"https:\/\/www.cursosycarreras.com.mx\/orientacion\/wp-content\/uploads\/2018\/10\/logo_cyc.png","width":375,"height":56,"caption":"Cursos y Carreras M\u00e9xico"},"image":{"@id":"https:\/\/www.cursosycarreras.com.mx\/orientacion\/#logo"}},{"@type":"WebSite","@id":"https:\/\/www.cursosycarreras.com.mx\/orientacion\/#website","url":"https:\/\/www.cursosycarreras.com.mx\/orientacion\/","name":"CursosyCarreras.com.mx","description":"","publisher":{"@id":"https:\/\/www.cursosycarreras.com.mx\/orientacion\/#organization"},"potentialAction":[{"@type":"SearchAction","target":{"@type":"EntryPoint","urlTemplate":"https:\/\/www.cursosycarreras.com.mx\/orientacion\/?s={search_term_string}"},"query-input":"required name=search_term_string"}],"inLanguage":"es-AR"},{"@type":"ImageObject","@id":"https:\/\/www.cursosycarreras.com.mx\/orientacion\/carrera-de-periodismo-entrevista\/#primaryimage","inLanguage":"es-AR","url":"https:\/\/www.cursosycarreras.com.mx\/orientacion\/wp-content\/uploads\/2021\/08\/carrera-de-periodismo-1.jpg","contentUrl":"https:\/\/www.cursosycarreras.com.mx\/orientacion\/wp-content\/uploads\/2021\/08\/carrera-de-periodismo-1.jpg","width":1080,"height":720,"caption":"carrera-de-periodismo"},{"@type":"WebPage","@id":"https:\/\/www.cursosycarreras.com.mx\/orientacion\/carrera-de-periodismo-entrevista\/#webpage","url":"https:\/\/www.cursosycarreras.com.mx\/orientacion\/carrera-de-periodismo-entrevista\/","name":"La carrera de Periodismo seg\u00fan un Periodista [Entrevista] - CursosyCarreras.com.mx","isPartOf":{"@id":"https:\/\/www.cursosycarreras.com.mx\/orientacion\/#website"},"primaryImageOfPage":{"@id":"https:\/\/www.cursosycarreras.com.mx\/orientacion\/carrera-de-periodismo-entrevista\/#primaryimage"},"datePublished":"2021-08-27T22:41:54+00:00","dateModified":"2022-02-16T15:36:32+00:00","description":"En esta nota te vamos a compartir la edici\u00f3n de una entrevista realizada a un egresado de la carrera de periodismo. \u00a1Conoce todo sobre la profesi\u00f3n!","breadcrumb":{"@id":"https:\/\/www.cursosycarreras.com.mx\/orientacion\/carrera-de-periodismo-entrevista\/#breadcrumb"},"inLanguage":"es-AR","potentialAction":[{"@type":"ReadAction","target":["https:\/\/www.cursosycarreras.com.mx\/orientacion\/carrera-de-periodismo-entrevista\/"]}]},{"@type":"BreadcrumbList","@id":"https:\/\/www.cursosycarreras.com.mx\/orientacion\/carrera-de-periodismo-entrevista\/#breadcrumb","itemListElement":[{"@type":"ListItem","position":1,"name":"Home","item":"https:\/\/www.cursosycarreras.com.mx\/orientacion\/"},{"@type":"ListItem","position":2,"name":"La carrera de Periodismo seg\u00fan un Periodista [Entrevista]"}]},{"@type":"Article","@id":"https:\/\/www.cursosycarreras.com.mx\/orientacion\/carrera-de-periodismo-entrevista\/#article","isPartOf":{"@id":"https:\/\/www.cursosycarreras.com.mx\/orientacion\/carrera-de-periodismo-entrevista\/#webpage"},"author":{"@id":"https:\/\/www.cursosycarreras.com.mx\/orientacion\/#\/schema\/person\/5578a144e9a582f30bfdd86f0a47c5aa"},"headline":"La carrera de Periodismo seg\u00fan un Periodista [Entrevista]","datePublished":"2021-08-27T22:41:54+00:00","dateModified":"2022-02-16T15:36:32+00:00","mainEntityOfPage":{"@id":"https:\/\/www.cursosycarreras.com.mx\/orientacion\/carrera-de-periodismo-entrevista\/#webpage"},"wordCount":2955,"publisher":{"@id":"https:\/\/www.cursosycarreras.com.mx\/orientacion\/#organization"},"image":{"@id":"https:\/\/www.cursosycarreras.com.mx\/orientacion\/carrera-de-periodismo-entrevista\/#primaryimage"},"thumbnailUrl":"https:\/\/www.cursosycarreras.com.mx\/orientacion\/wp-content\/uploads\/2021\/08\/carrera-de-periodismo-1.jpg","keywords":["Carrera de Periodismo"],"articleSection":["Orientaci\u00f3n Vocacional","Periodismo"],"inLanguage":"es-AR"},{"@type":"Person","@id":"https:\/\/www.cursosycarreras.com.mx\/orientacion\/#\/schema\/person\/5578a144e9a582f30bfdd86f0a47c5aa","name":"Lucila Voccia","image":{"@type":"ImageObject","@id":"https:\/\/www.cursosycarreras.com.mx\/orientacion\/#personlogo","inLanguage":"es-AR","url":"https:\/\/secure.gravatar.com\/avatar\/15276fbf032eca650ecc1822cf278130?s=96&d=mm&r=g","contentUrl":"https:\/\/secure.gravatar.com\/avatar\/15276fbf032eca650ecc1822cf278130?s=96&d=mm&r=g","caption":"Lucila Voccia"},"url":"https:\/\/www.cursosycarreras.com.mx\/orientacion\/author\/lucila-voccia\/"}]}},"_links":{"self":[{"href":"https:\/\/www.cursosycarreras.com.mx\/orientacion\/wp-json\/wp\/v2\/posts\/2791"}],"collection":[{"href":"https:\/\/www.cursosycarreras.com.mx\/orientacion\/wp-json\/wp\/v2\/posts"}],"about":[{"href":"https:\/\/www.cursosycarreras.com.mx\/orientacion\/wp-json\/wp\/v2\/types\/post"}],"author":[{"embeddable":true,"href":"https:\/\/www.cursosycarreras.com.mx\/orientacion\/wp-json\/wp\/v2\/users\/7"}],"replies":[{"embeddable":true,"href":"https:\/\/www.cursosycarreras.com.mx\/orientacion\/wp-json\/wp\/v2\/comments?post=2791"}],"version-history":[{"count":4,"href":"https:\/\/www.cursosycarreras.com.mx\/orientacion\/wp-json\/wp\/v2\/posts\/2791\/revisions"}],"predecessor-version":[{"id":4351,"href":"https:\/\/www.cursosycarreras.com.mx\/orientacion\/wp-json\/wp\/v2\/posts\/2791\/revisions\/4351"}],"wp:featuredmedia":[{"embeddable":true,"href":"https:\/\/www.cursosycarreras.com.mx\/orientacion\/wp-json\/wp\/v2\/media\/4349"}],"wp:attachment":[{"href":"https:\/\/www.cursosycarreras.com.mx\/orientacion\/wp-json\/wp\/v2\/media?parent=2791"}],"wp:term":[{"taxonomy":"category","embeddable":true,"href":"https:\/\/www.cursosycarreras.com.mx\/orientacion\/wp-json\/wp\/v2\/categories?post=2791"},{"taxonomy":"post_tag","embeddable":true,"href":"https:\/\/www.cursosycarreras.com.mx\/orientacion\/wp-json\/wp\/v2\/tags?post=2791"}],"curies":[{"name":"wp","href":"https:\/\/api.w.org\/{rel}","templated":true}]}}