{"id":2723,"date":"2021-08-23T12:50:27","date_gmt":"2021-08-23T15:50:27","guid":{"rendered":"https:\/\/www.cursosycarreras.com.mx\/orientacion\/?p=2723"},"modified":"2022-02-16T12:48:10","modified_gmt":"2022-02-16T15:48:10","slug":"carrera-de-ciencias-ambientales-entrevista","status":"publish","type":"post","link":"https:\/\/www.cursosycarreras.com.mx\/orientacion\/carrera-de-ciencias-ambientales-entrevista\/","title":{"rendered":"La carrera de Ciencias Ambientales seg\u00fan una egresada [Entrevista]"},"content":{"rendered":"<p><\/p>\n<p>En este art\u00edculo te vamos a compartir la edici\u00f3n de una entrevista realizada a una egresada de la<strong> Carrera de Ciencias Ambientales<\/strong>. En ella, nos brindar\u00e1 mucha informaci\u00f3n y consejos para los futuros estudiantes seg\u00fan su experiencia. \u00a1Sigue leyendo y descubre todo sobre esta profesi\u00f3n!<\/p>\n<p><\/p>\n<p><br \/>\n<!--more--><br \/>\n<\/p>\n<p><\/p>\n<figure class=\"wp-block-image size-large\"><img width=\"1024\" height=\"684\" src=\"https:\/\/www.cursosycarreras.com.mx\/orientacion\/wp-content\/uploads\/2021\/08\/carrera-de-ciencias-ambientales-1-1024x684.jpg\" alt=\"carrera-de-ciencias-ambientales\" class=\"wp-image-4375\" srcset=\"https:\/\/www.cursosycarreras.com.mx\/orientacion\/wp-content\/uploads\/2021\/08\/carrera-de-ciencias-ambientales-1-1024x684.jpg 1024w, https:\/\/www.cursosycarreras.com.mx\/orientacion\/wp-content\/uploads\/2021\/08\/carrera-de-ciencias-ambientales-1-300x200.jpg 300w, https:\/\/www.cursosycarreras.com.mx\/orientacion\/wp-content\/uploads\/2021\/08\/carrera-de-ciencias-ambientales-1-768x513.jpg 768w, https:\/\/www.cursosycarreras.com.mx\/orientacion\/wp-content\/uploads\/2021\/08\/carrera-de-ciencias-ambientales-1-225x150.jpg 225w, https:\/\/www.cursosycarreras.com.mx\/orientacion\/wp-content\/uploads\/2021\/08\/carrera-de-ciencias-ambientales-1-150x100.jpg 150w, https:\/\/www.cursosycarreras.com.mx\/orientacion\/wp-content\/uploads\/2021\/08\/carrera-de-ciencias-ambientales-1.jpg 1078w\" sizes=\"(max-width: 1024px) 100vw, 1024px\" \/><\/figure>\n<p><\/p>\n<p><\/p>\n<div id=\"toc_container\" class=\"no_bullets\"><p class=\"toc_title\">&Iacute;ndice<\/p><ul class=\"toc_list\"><li><a href=\"#Entrevista-a-una-Ingeniera-Agronoma\"><span class=\"toc_number toc_depth_1\">1<\/span> Entrevista a una Ingeniera Agr\u00f3noma<\/a><\/li><li><a href=\"#Los-inicios-en-la-Carrera-de-Ciencias-Ambientales\"><span class=\"toc_number toc_depth_1\">2<\/span> Los inicios en la Carrera de Ciencias Ambientales<\/a><\/li><li><a href=\"#Caracteristicas-de-la-Carrera-de-Ciencias-Ambientalesnbsp\"><span class=\"toc_number toc_depth_1\">3<\/span> Caracter\u00edsticas de la Carrera de Ciencias Ambientales&nbsp;<\/a><\/li><li><a href=\"#La-experiencia-laboral-en-Ciencias-Ambientales\"><span class=\"toc_number toc_depth_1\">4<\/span> La experiencia laboral en Ciencias Ambientales<\/a><\/li><li><a href=\"#Mitos-de-la-carrera-de-Ciencias-Ambientales\"><span class=\"toc_number toc_depth_1\">5<\/span> Mitos de la carrera de Ciencias Ambientales<\/a><\/li><li><a href=\"#Consejos-de-una-licenciada-en-Ciencias-Ambientales\"><span class=\"toc_number toc_depth_1\">6<\/span> Consejos de una licenciada en Ciencias Ambientales<\/a><\/li><li><a href=\"#Donde-estudiar-la-carrera-de-Ciencias-Ambientales\"><span class=\"toc_number toc_depth_1\">7<\/span> \u00bfD\u00f3nde estudiar la carrera de Ciencias Ambientales?<\/a><\/li><li><a href=\"#Se-puede-estudiar-Ciencias-Ambientales-en-linea\"><span class=\"toc_number toc_depth_1\">8<\/span> \u00bfSe puede estudiar Ciencias Ambientales en l\u00ednea?<\/a><\/li><li><a href=\"#Prueba-EduMatch-nuestro-Test-Vocacional\"><span class=\"toc_number toc_depth_1\">9<\/span> Prueba EduMatch, nuestro Test Vocacional<\/a><\/li><li><a href=\"#Para-finalizar\"><span class=\"toc_number toc_depth_1\">10<\/span> Para finalizar<\/a><\/li><\/ul><\/div>\n<h2><span id=\"Entrevista-a-una-Ingeniera-Agronoma\"><strong>Entrevista a una Ingeniera Agr\u00f3noma<\/strong><\/span><\/h2>\n<p><\/p>\n<p><\/p>\n<p>Al momento de decidir qu\u00e9 estudiar, una de las cuestiones fundamentales es conocer la voz de egresados que den cuenta de su experiencia en el mundo laboral, y de su paso por la carrera. Es por ello que en esta nota vamos a desarrollar la entrevista realizada a la Ingeniera Agr\u00f3noma Mar\u00eda Semmartin, donde nos cuenta <strong>por qu\u00e9 decidi\u00f3 estudiar la <a href=\"https:\/\/bit.ly\/3gyPVIq\" target=\"_blank\" rel=\"noreferrer noopener\">carrera de Ciencias Ambientales<\/a>.<\/strong><\/p>\n<p><\/p>\n<p><\/p>\n<p>Adem\u00e1s, veremos c\u00f3mo fueron sus inicios, las caracter\u00edsticas de la carrera, cu\u00e1l es su campo laboral, d\u00f3nde se puede estudiar, mitos de la profesi\u00f3n y muchos otros temas m\u00e1s, los cuales te ayudar\u00e1n a decidir si esta es la profesi\u00f3n ideal para ti.<\/p>\n<p><\/p>\n<p><\/p>\n<h3><strong>\u00bfQui\u00e9n es Mar\u00eda Semmartin?<\/strong><\/h3>\n<p><\/p>\n<p><\/p>\n<p>Mar\u00eda Semmartin es una Licenciada y Doctorada en Ciencias Ambientales, graduada en una importante universidad p\u00fablica. Adem\u00e1s, es Ingeniera Agr\u00f3noma, investigadora y directora de la facultad de Ciencias Ambientales en una prestigiosa universidad.<\/p>\n<p><\/p>\n<script type='text\/javascript'>\twp_cta_load_variation( '2722', '0' )<\/script><style type=\"text\/css\" id=\"wp_cta_css_custom_2722_0\" class=\"wp_cta_css_2722 \"> #wp_cta_2722_variation_0 #flat-cta-wrapper {font-family: Lato,sans-serif;}\n#wp_cta_2722_variation_0 #inbound-hero {width: 35%;float: left;margin-right: 4%;margin-left: 4%;position: relative;}\n#wp_cta_2722_variation_0 #inbound-content {font-size: 2.625em;font-weight: 300;}\n#wp_cta_2722_variation_0 .inbound-hero-img {width: 100%;}\n#wp_cta_2722_variation_0 #inbound_cta_header {margin: 0 auto;text-align: center;padding-top: 25px;padding-bottom: 25px;padding-left: 25px;padding-right: 25px;}\n#wp_cta_2722_variation_0 #inbound_cta_header .flat-header {font-size: 2.625em;line-height: 1.3;margin: 0;font-weight: 300;color: #fff;margin-bottom: 10px;display: block;}\n#wp_cta_2722_variation_0 #inbound-content span {display: block;font-size: 60%;opacity: 1;padding: 0 0 .6em .1em;color: #fff;line-height: 1.3;}\n#wp_cta_2722_variation_0 .demos {padding-top: 25px;padding-bottom: 13px;}\n#wp_cta_2722_variation_0 .btn:hover, #wp_cta_2722_variation_0 .btn:active {color: #60bcf0;background: #fff;}\n#wp_cta_2722_variation_0 .btn {border: none;font-family: inherit;font-size: inherit;color: inherit;background: none;cursor: pointer;padding: 25px 40px;display: inline-block;text-transform: uppercase;letter-spacing: 1px;font-weight: 700;outline: none;position: relative;-webkit-transition: all .3s;-moz-transition: all .3s;transition: all .3s;width: auto;}\n#wp_cta_2722_variation_0 .btn {border: 3px solid #fff;color: #fff;}\n#wp_cta_2722_variation_0 h2 {margin-top: 40px;font-size: 14px;text-transform: uppercase;}\n#wp_cta_2722_variation_0 p.spacer {height: 5px;overflow: hidden;}\n#wp_cta_2722_variation_0 footer {padding: 20px 0;position: relative;}\n#wp_cta_2722_variation_0 footer iframe {position: absolute;top: 20px;right: 0;}\n#wp_cta_2722_variation_0 table td:first-child {width: 125px;}\n#wp_cta_2722_variation_0 li strong {color: #111;}\n#wp_cta_2722_variation_0 .btn.btn-large {float: right;margin-top: 40px;}\n#wp_cta_2722_variation_0 .ui-ios-overlay {z-index: 99999;position: fixed;top: 50%;left: 50%;width: 200px;height: 200px;margin-left: -100px;margin-top: -100px;filter: progid:DXImageTransform.Microsoft.gradient(startColorstr=#c00,endColorstr=#c00);background: rgba(0,0,0,.8);-webkit-border-radius: 20px;-moz-border-radius: 20px;border-radius: 20px;}\n#wp_cta_2722_variation_0 .ui-ios-overlay .title {color: #fff;font-weight: bold;text-align: center;display: block;font-size: 26px;position: absolute;bottom: 30px;left: 0;width: 100%;}\n#wp_cta_2722_variation_0 .ui-ios-overlay img {display: block;margin: 20% auto 0 auto;}\n#wp_cta_2722_variation_0 .ui-ios-overlay .spinner {left: 50% !important;top: 40% !important;}\n#wp_cta_2722_variation_0 .ios-overlay-show {-webkit-animation-name: ios-overlay-show;-webkit-animation-duration: 750ms;-moz-animation-name: ios-overlay-show;-moz-animation-duration: 750ms;-ms-animation-name: ios-overlay-show;-ms-animation-duration: 750ms;-o-animation-name: ios-overlay-show;-o-animation-duration: 750ms;animation-name: ios-overlay-show;animation-duration: 750ms;}\n@-webkit-keyframes ios-overlay-show {0% {opacity: 0;}\n\t100% {opacity: 1;}}\n@-moz-keyframes ios-overlay-show {0% {opacity: 0;}\n\t100% {opacity: 1;}}\n@-ms-keyframes ios-overlay-show {0% {opacity: 0;}\n\t100% {opacity: 1;}}\n@-o-keyframes ios-overlay-show {0% {opacity: 0;}\n\t100% {opacity: 1;}}\n@keyframes ios-overlay-show {0% {opacity: 0;}\n\t100% {opacity: 1;}}\n#wp_cta_2722_variation_0 .ios-overlay-hide {-webkit-animation-name: ios-overlay-hide;-webkit-animation-duration: 750ms;-webkit-animation-fill-mode: forwards;-moz-animation-name: ios-overlay-hide;-moz-animation-duration: 750ms;-moz-animation-fill-mode: forwards;-ms-animation-name: ios-overlay-hide;-ms-animation-duration: 750ms;-ms-animation-fill-mode: forwards;-o-animation-name: ios-overlay-hide;-o-animation-duration: 750ms;-o-animation-fill-mode: forwards;animation-name: ios-overlay-hide;animation-duration: 750ms;animation-fill-mode: forwards;}\n@-webkit-keyframes ios-overlay-hide {0% {opacity: 1;}\n\t100% {opacity: 0;}}\n@-moz-keyframes ios-overlay-hide {0% {opacity: 1;}\n\t100% {opacity: 0;}}\n@-ms-keyframes ios-overlay-hide {0% {opacity: 1;}\n\t100% {opacity: 0;}}\n@-o-keyframes ios-overlay-hide {0% {opacity: 1;}\n\t100% {opacity: 0;}}\n@keyframes ios-overlay-hide {0% {opacity: 1;}\n\t100% {opacity: 0;}}\n#wp_cta_2722_variation_0 .ui-ios-overlay {z-index: 99999;position: fixed;top: 50%;left: 50%;width: 200px;height: 200px;margin-left: -100px;margin-top: -100px;filter: progid:DXImageTransform.Microsoft.gradient(startColorstr=#c00,endColorstr=#c00);background: rgba(0,0,0,.8);-webkit-border-radius: 20px;-moz-border-radius: 20px;border-radius: 20px;}\n#wp_cta_2722_variation_0 .ui-ios-overlay .title {color: #fff;font-weight: bold;text-align: center;display: block;font-size: 26px;position: absolute;bottom: 30px;left: 0;width: 100%;}\n#wp_cta_2722_variation_0 .ui-ios-overlay img {display: block;margin: 20% auto 0 auto;}\n#wp_cta_2722_variation_0 .ui-ios-overlay .spinner {left: 50% !important;top: 40% !important;}\n#wp_cta_2722_variation_0 .ios-overlay-show {-webkit-animation-name: ios-overlay-show;-webkit-animation-duration: 750ms;-moz-animation-name: ios-overlay-show;-moz-animation-duration: 750ms;-ms-animation-name: ios-overlay-show;-ms-animation-duration: 750ms;-o-animation-name: ios-overlay-show;-o-animation-duration: 750ms;animation-name: ios-overlay-show;animation-duration: 750ms;}\n@-webkit-keyframes ios-overlay-show {0% {opacity: 0;}\n\t100% {opacity: 1;}}\n@-moz-keyframes ios-overlay-show {0% {opacity: 0;}\n\t100% {opacity: 1;}}\n@-ms-keyframes ios-overlay-show {0% {opacity: 0;}\n\t100% {opacity: 1;}}\n@-o-keyframes ios-overlay-show {0% {opacity: 0;}\n\t100% {opacity: 1;}}\n@keyframes ios-overlay-show {0% {opacity: 0;}\n\t100% {opacity: 1;}}\n#wp_cta_2722_variation_0 .ios-overlay-hide {-webkit-animation-name: ios-overlay-hide;-webkit-animation-duration: 750ms;-webkit-animation-fill-mode: forwards;-moz-animation-name: ios-overlay-hide;-moz-animation-duration: 750ms;-moz-animation-fill-mode: forwards;-ms-animation-name: ios-overlay-hide;-ms-animation-duration: 750ms;-ms-animation-fill-mode: forwards;-o-animation-name: ios-overlay-hide;-o-animation-duration: 750ms;-o-animation-fill-mode: forwards;animation-name: ios-overlay-hide;animation-duration: 750ms;animation-fill-mode: forwards;}\n@-webkit-keyframes ios-overlay-hide {0% {opacity: 1;}\n\t100% {opacity: 0;}}\n@-moz-keyframes ios-overlay-hide {0% {opacity: 1;}\n\t100% {opacity: 0;}}\n@-ms-keyframes ios-overlay-hide {0% {opacity: 1;}\n\t100% {opacity: 0;}}\n@-o-keyframes ios-overlay-hide {0% {opacity: 1;}\n\t100% {opacity: 0;}}\n@keyframes ios-overlay-hide {0% {opacity: 1;}\n\t100% {opacity: 0;}}\n#wp_cta_2722_variation_0 .inbound-horizontal input {margin-right: 10px;padding: 3px;padding-top: 2px;}\n#wp_cta_2722_variation_0 .inbound-horizontal {display: inline-block;vertical-align: middle;}\n#wp_cta_2722_variation_0 .inbound-horizontal label {margin-right: 5px;font-size: 20px;vertical-align: middle;}\n#wp_cta_2722_variation_0 #checkMark {text-decoration: none;}\n#wp_cta_2722_variation_0 #cta_container {padding-top: 28px;padding-bottom: 41px;padding-left: 20px;padding-right: 20px;color: #fff;}\n#wp_cta_2722_variation_0 #flat-cta-wrapper {background-color: #00bfbf;}\n#wp_cta_2722_variation_0 #flat-cta-wrapper .btn {border: 3px solid #fff;color: #fff;}\n#wp_cta_2722_variation_0 #flat-cta-wrapper .btn:hover, #wp_cta_2722_variation_0 #flat-cta-wrapper .btn:active {color: #00bfbf;background: #fff;}\n#wp_cta_2722_variation_0 #inbound-content p {color: #fff;}<\/style><script type=\"text\/javascript\">jQuery(document).ready(function($) {\r\n\t\t\t\t\t });<\/script><div id='wp_cta_2722_container' class='wp_cta_container cta_outer_container' style='margin-top:0px;margin-bottom:0px;position:relative;' ><div id='wp_cta_2722_variation_0' class='inbound-cta-container wp_cta_content wp_cta_variation wp_cta_2722_variation_0' style='display:none; margin:auto; width: 100%; height: 300px;'  data-variation='0' data-cta-id='2722'><div id=\"flat-cta-wrapper\">&#13;\n    <div id=\"inbound_cta_header\">&#13;\n        <span class=\"flat-header\">Carrera de Ciencias Ambientales\t<\/span>&#13;\n        <div id=\"inbound-content\"><span>\u00bfQuieres estudiar la Carrera de Ciencias Ambientales en M\u00e9xico? Consulta todas las Instituciones que la brindan<\/span><\/div>&#13;\n        <nav class=\"demos\">&#13;\n            <a href=\"https:\/\/www.cursosycarreras.com.mx\/orientacion\/inbound\/569ln3oi4\" id=\"checkMark\" class=\"btn\" rel=\"nofollow\">M\u00e1s informaci\u00f3n<\/a>&#13;\n        <\/nav>&#13;\n    <\/div>&#13;\n<\/div>&#13;\n<\/div><\/div>\n<\/p>\n<p><\/p>\n<h2><span id=\"Los-inicios-en-la-Carrera-de-Ciencias-Ambientales\"><strong>Los inicios en la Carrera de Ciencias Ambientales<\/strong><\/span><\/h2>\n<p><\/p>\n<p><\/p>\n<h3><strong>\u00bfC\u00f3mo llegaste a la carrera de Ciencias Ambientales?<\/strong><\/h3>\n<p><\/p>\n<p><\/p>\n<p>Bueno, yo soy una agr\u00f3noma convertida en ambient\u00f3loga. Ingres\u00e9 a la Facultad de Agronom\u00eda de la universidad no por preocupaci\u00f3n ambiental, sino por una proyecci\u00f3n de vida, ya que me interesaba mucho el \u00e1mbito rural. Desarroll\u00e9 ese proyecto de manera muy abstracta y general, ya que soy una persona urbana, por lo que no tengo ning\u00fan tipo de vinculaci\u00f3n con el campo.<\/p>\n<p><\/p>\n<p><\/p>\n<p>A medida que iba cursando la carrera, me encontraba muy ilusionada, ya que pensaba que en el momento de graduarme, iba a viajar por el pa\u00eds para trabajar. Y bueno, al final de cuentas, eleg\u00ed una trayectoria m\u00e1s acad\u00e9mica, por ende, tuve una conexi\u00f3n muy fuerte con el ambiente.<\/p>\n<p><\/p>\n<p><\/p>\n<p>Mi desarrollo fue en la C\u00e1tedra de Ecolog\u00eda, que est\u00e1 dentro del Departamento de Recursos Naturales y Ambiente de la universidad. Los ec\u00f3logos tenemos una percepci\u00f3n del sistema bastante amplio, por lo que solemos concentrarnos en tratar de entenderlo. Es una disciplina sumamente aplicada, todo el tiempo discutimos acerca de <strong>c\u00f3mo el hombre, en el caso del sistema agropecuario, se pod\u00eda vincular de una manera sostenible con el ambiente<\/strong>. La idea era buscar un cierto equilibrio, o por lo menos, el no deterioro de los recursos naturales.<\/p>\n<p><\/p>\n<p><\/p>\n<p>Entonces, de esta manera fui introduci\u00e9ndome cada vez m\u00e1s en el tema ambiental. Pero para ese tiempo, que era el a\u00f1o 1986, la \u00fanica carrera que se pod\u00eda cursar dentro de esa facultad, era Agronom\u00eda. La Licenciatura en Ciencias Ambientales surgi\u00f3 m\u00e1s adelante, por lo que es una carrera muy joven.<\/p>\n<p><\/p>\n<p><\/p>\n<h3><strong>\u00bfC\u00f3mo fue tu experiencia cursando la carrera?<\/strong><\/h3>\n<p><\/p>\n<p><\/p>\n<p>La decisi\u00f3n de cursar la carrera surge debido a que, en muchos departamentos de agronom\u00eda en el mundo, se empez\u00f3 a ver esta carrera como una especializaci\u00f3n que se enfocaba m\u00e1s en el ambiente y en la gesti\u00f3n sustentable de los recursos naturales, cosa que como agr\u00f3noma me interesa mucho.<\/p>\n<p><\/p>\n<p><\/p>\n<p><strong>Una licenciatura como \u00e9sta trata problemas ambientales que son originados por la necesidad que tienen los humanos de apropiarse y transformar recursos de la naturaleza en bienes y servicios.<\/strong> Entonces, esto genera una enorme tensi\u00f3n en el ambiente, y esa tensi\u00f3n muchas veces genera problemas, los cuales debemos atacar como licenciados en Ciencias Ambientales.<\/p>\n<p><\/p>\n<p><\/p>\n<blockquote class=\"wp-block-quote\">\n<p><strong><span style=\"color:#22a865\" class=\"has-inline-color\">\u201cUna licenciatura como \u00e9sta trata problemas ambientales que son originados por la necesidad que tienen los humanos de apropiarse y transformar recursos de la naturaleza en bienes y servicios.\u201d<\/span><\/strong><\/p>\n<\/blockquote>\n<p><\/p>\n<p><\/p>\n<h2><span id=\"Caracteristicas-de-la-Carrera-de-Ciencias-Ambientalesnbsp\">Caracter\u00edsticas de la Carrera de Ciencias Ambientales&nbsp;<\/span><\/h2>\n<p><\/p>\n<p><\/p>\n<h3><strong>\u00bfSe considera a las Ciencias Ambientales como una ciencia dura o una ciencia blanda?<\/strong><\/h3>\n<p><\/p>\n<p><\/p>\n<p>Tenemos mucho de ciencias duras, ya que existe una formaci\u00f3n muy fuerte en qu\u00edmica. Adem\u00e1s, se estudia matem\u00e1tica, estad\u00edstica como herramienta cuantitativa muy importante, y f\u00edsica. Luego tenemos ciencias m\u00e1s aplicadas, como lo es la edafolog\u00eda, la cual es la ciencia del suelo.<\/p>\n<p><\/p>\n<p><\/p>\n<p>Y por supuesto, tambi\u00e9n tiene una gran parte de biolog\u00eda. Ya despu\u00e9s con el tiempo ves otras disciplinas que tienen que ver con la especializaci\u00f3n, pero que tienen como base las ciencias duras, como las llamamos.<\/p>\n<p><\/p>\n<p><\/p>\n<h3><strong>\u00bfQu\u00e9 otras disciplinas se ven durante la carrera?<\/strong><\/h3>\n<p><\/p>\n<p><\/p>\n<p>Otra disciplina que se ve son las Ciencias Sociales. Se ven cuestiones vinculadas a econom\u00eda, geograf\u00eda ambiental, sociolog\u00eda, \u00e9tica y legislaci\u00f3n ambiental, la cual es necesaria para que las sociedades tengan un marco legal en el cual puedan poner orden y que se respeten las leyes. Tambi\u00e9n se ven materias m\u00e1s espec\u00edficas, como por ejemplo un curso que se llama Ambiente y Sociedad, en donde se tratan problemas ambientales en territorios o contextos donde hay muchas personas.<\/p>\n<p><\/p>\n<p><\/p>\n<p>Todo esto es necesario para que el licenciado o la licenciada sepa tratar problemas en lo rural, donde a lo mejor el hombre no tiene tanto impacto. Como tambi\u00e9n para lidear con problemas en las grandes ciudades, donde la carga humana es mucho m\u00e1s importante, por lo que la naturaleza de estos problemas son distintas, entonces se necesitan diferentes herramientas.<\/p>\n<p><\/p>\n<p><\/p>\n<h3><strong>\u00bfQu\u00e9 diferencia hay entre trabajar en Agronom\u00eda y en el medio ambiente?<\/strong><\/h3>\n<p><\/p>\n<p><\/p>\n<p>Se trabaja en distintas escalas. El agr\u00f3nomo est\u00e1 preparado para lidiar con un sistema particular, que tiene l\u00edmites bastante claros. Este l\u00edmite puede ser el establecimiento o empresa en donde est\u00e9 trabajando. Por otro lado, <strong>un licenciado en Ciencias Ambientales tiene una visi\u00f3n que abarca todo el paisaje o incluso una regi\u00f3n<\/strong>, por lo que se desarrolla a una escala mucho m\u00e1s grande que el agr\u00f3nomo, lo cual es m\u00e1s complicado.<\/p>\n<p><\/p>\n<p><\/p>\n<p>Pero son carreras que se complementan, de hecho, existen varias materias o clases que se dictan en ambas carreras.<\/p>\n<p><\/p>\n<p><\/p>\n<figure class=\"wp-block-image size-large\"><img width=\"1024\" height=\"683\" src=\"https:\/\/www.cursosycarreras.com.mx\/orientacion\/wp-content\/uploads\/2021\/08\/carrera-ciencias-ambientales-1-1024x683.jpg\" alt=\"carrera-ciencias-ambientales\" class=\"wp-image-4373\" srcset=\"https:\/\/www.cursosycarreras.com.mx\/orientacion\/wp-content\/uploads\/2021\/08\/carrera-ciencias-ambientales-1-1024x683.jpg 1024w, https:\/\/www.cursosycarreras.com.mx\/orientacion\/wp-content\/uploads\/2021\/08\/carrera-ciencias-ambientales-1-300x200.jpg 300w, https:\/\/www.cursosycarreras.com.mx\/orientacion\/wp-content\/uploads\/2021\/08\/carrera-ciencias-ambientales-1-768x512.jpg 768w, https:\/\/www.cursosycarreras.com.mx\/orientacion\/wp-content\/uploads\/2021\/08\/carrera-ciencias-ambientales-1-225x150.jpg 225w, https:\/\/www.cursosycarreras.com.mx\/orientacion\/wp-content\/uploads\/2021\/08\/carrera-ciencias-ambientales-1-150x100.jpg 150w, https:\/\/www.cursosycarreras.com.mx\/orientacion\/wp-content\/uploads\/2021\/08\/carrera-ciencias-ambientales-1.jpg 1080w\" sizes=\"(max-width: 1024px) 100vw, 1024px\" \/><\/figure>\n<p><\/p>\n<p><\/p>\n<h2><span id=\"La-experiencia-laboral-en-Ciencias-Ambientales\"><strong>La experiencia laboral en Ciencias Ambientales<\/strong><\/span><\/h2>\n<p><\/p>\n<p><\/p>\n<h3><strong>\u00bfQu\u00e9 hace exactamente una licenciada en Ciencias Ambientales?<\/strong><\/h3>\n<p><\/p>\n<p><\/p>\n<p>Una de las funciones m\u00e1s importantes del ambient\u00f3logo, gracias a su visi\u00f3n sistem\u00e1tica, es <strong>garantizar que el uso de recursos naturales, en cualquier situaci\u00f3n y dentro de un territorio determinado, no est\u00e9 amenazando los componentes esenciales del lugar y de sus recursos<\/strong>. Entonces, de alguna manera, lo que hace concretamente es analizar las pr\u00e1cticas que se est\u00e1n ejerciendo.<\/p>\n<p><\/p>\n<p><\/p>\n<h3><strong>\u00bfQui\u00e9nes requieren de sus servicios?<\/strong><\/h3>\n<p><\/p>\n<p><\/p>\n<p>Hoy en d\u00eda existe un mayor compromiso con el ambiente y las regulaciones son m\u00e1s exigentes, entonces cada vez m\u00e1s empresas llaman a los ambient\u00f3logos.<\/p>\n<p><\/p>\n<p><\/p>\n<p>Por suerte, me parece que esto tiene que ver con el gran desarrollo que se ha visto mundialmente, en las \u00faltimas d\u00e9cadas, respecto a la concientizaci\u00f3n ambiental.<\/p>\n<p><\/p>\n<p><\/p>\n<p>Entender que las consecuencias son muy serias y, muchas veces imposibles de revertir, por lo que existen muchas normativas que se deben cumplir. Para ello, <strong>el ambient\u00f3logo puede asesorar y tomar decisiones con respecto a la gesti\u00f3n de recursos<\/strong> <strong>de empresas, plantaciones u organizaciones<\/strong>, haciendo cumplir con las normativas y directrices que todas est\u00e1n obligadas a seguir.<\/p>\n<p><\/p>\n<p><\/p>\n<blockquote class=\"wp-block-quote\">\n<p><span style=\"color:#22a865\" class=\"has-inline-color\"><strong>\u201cUna de las funciones m\u00e1s importantes del ambient\u00f3logo es<\/strong> <strong>garantizar que el uso de recursos naturales no est\u00e9 amenazando los componentes esenciales del lugar y de sus recursos<\/strong>.\u201d<\/span><\/p>\n<\/blockquote>\n<p><\/p>\n<p><\/p>\n<h3><strong>Adem\u00e1s del asesoramiento, \u00bftambi\u00e9n pueden hacer investigaci\u00f3n?<\/strong><\/h3>\n<p><\/p>\n<p><\/p>\n<p>S\u00ed, claro que s\u00ed. Investigaciones del impacto ambiental, por ejemplo. Los ambient\u00f3logos tienen m\u00e1s vocaci\u00f3n que los agr\u00f3nomos para hacer ciencia, para hacer investigaciones. En ese sentido, se parecen un poco m\u00e1s a los bi\u00f3logos. Los tipos de investigaciones que pueden hacer son muy diversos, <strong>pueden estar trabajando problemas que tienen que ver con la contaminaci\u00f3n, con la presencia de ars\u00e9nico en cuerpos de agua o con problemas de contaminaci\u00f3n org\u00e1nica y de metales.<\/strong><\/p>\n<p><\/p>\n<p><\/p>\n<p>Los que cursan la carrera de Ciencias Ambientales suelen tener mucha vocaci\u00f3n para trabajar en problemas globales, como podr\u00eda ser el cambio clim\u00e1tico. En este sentido, adem\u00e1s de trabajar en empresas, muchos de los graduados trabajan en actividades p\u00fablicas. Por eso, repito, existe mucha vocaci\u00f3n en esta carrera. <strong>La mayor\u00eda busca generar un impacto que ayude a revertir la situaci\u00f3n mundial con el ambiente y la contaminaci\u00f3n.<\/strong><\/p>\n<p><\/p>\n<p><\/p>\n<h3><strong>Debido a las regulaciones ambientales que existen sobre las empresas, \u00bfexiste m\u00e1s salida laboral para estudiantes que cursan Ciencias Ambientales?<\/strong><\/h3>\n<p><\/p>\n<p><\/p>\n<p>Es as\u00ed, <strong>cada vez hay m\u00e1s salida laboral para esta carrera<\/strong>, son datos reales. Yo, como directora de la carrera, hago un seguimiento anual de todos nuestros graduados, y lo hago de una manera muy sencilla: les mando un correo electr\u00f3nico, con una peque\u00f1a encuesta, y ellos deben contestar. Esta encuesta arroja como resultado que <strong>el 85-90% de nuestros graduados est\u00e1n trabajando y ejerciendo la profesi\u00f3n.<\/strong><\/p>\n<p><\/p>\n<p><\/p>\n<blockquote class=\"wp-block-quote\">\n<p><strong><span style=\"color:#22a865\" class=\"has-inline-color\">\u201cLa mayor\u00eda de los egresados de la Carrera de Ciencias Ambientales busca generar un impacto que ayude a revertir la situaci\u00f3n mundial con el ambiente y la contaminaci\u00f3n.\u201d<\/span><\/strong><\/p>\n<\/blockquote>\n<p><\/p>\n<p><\/p>\n<h3><strong>\u00bfEs una carrera en la que se pueda estudiar y trabajar a la vez?<\/strong><\/h3>\n<p><\/p>\n<p><\/p>\n<p>Yo creo que no es lo ideal, sobre todo en los primeros a\u00f1os. Nosotros tenemos una poblaci\u00f3n muy heterog\u00e9nea y la mayor\u00eda trabaja, pero todo el tiempo les insistimos en que es una carrera que tiene bastante exigencia y carga horaria, por lo que siempre <strong>les aconsejo que, en la medida de lo posible, no trabajen en los primeros a\u00f1os y se dediquen a estudiar<\/strong>.<\/p>\n<p><\/p>\n<p><\/p>\n<p>Y no lo digo porque quiera, sino que hablo desde mi propia experiencia personal. Cuando yo cursaba al mismo tiempo trabajaba, y eso me generaba un enorme estr\u00e9s debido a que sal\u00eda de clases corriendo para poder llegar a la oficina, y todo ese estr\u00e9s hace que se te apaguen todos los receptores, todas las antenas y por culpa de ello, dejar\u00e1s de recibir est\u00edmulos.<\/p>\n<p><\/p>\n<p><\/p>\n<p>Entonces, se puede dar la situaci\u00f3n de que te enteras que va a haber un seminario o existe la posibilidad de hacer un viaje de investigaci\u00f3n junto con un docente, que est\u00e1 realizando un proyecto muy interesante y no puedes participar en nada de eso. A menudo el trabajo hace que est\u00e9s muy exigido y que pierdas experiencias en la universidad que son muy importantes para la formaci\u00f3n del estudiante.<\/p>\n<p><\/p>\n<p><\/p>\n<figure class=\"wp-block-image size-large\"><img width=\"1024\" height=\"683\" src=\"https:\/\/www.cursosycarreras.com.mx\/orientacion\/wp-content\/uploads\/2021\/08\/ciencias-ambientales-1024x683.jpg\" alt=\"carrera-ciencias-ambientales\" class=\"wp-image-2727\" srcset=\"https:\/\/www.cursosycarreras.com.mx\/orientacion\/wp-content\/uploads\/2021\/08\/ciencias-ambientales-1024x683.jpg 1024w, https:\/\/www.cursosycarreras.com.mx\/orientacion\/wp-content\/uploads\/2021\/08\/ciencias-ambientales-300x200.jpg 300w, https:\/\/www.cursosycarreras.com.mx\/orientacion\/wp-content\/uploads\/2021\/08\/ciencias-ambientales-768x512.jpg 768w, https:\/\/www.cursosycarreras.com.mx\/orientacion\/wp-content\/uploads\/2021\/08\/ciencias-ambientales-1536x1024.jpg 1536w, https:\/\/www.cursosycarreras.com.mx\/orientacion\/wp-content\/uploads\/2021\/08\/ciencias-ambientales-2048x1366.jpg 2048w, https:\/\/www.cursosycarreras.com.mx\/orientacion\/wp-content\/uploads\/2021\/08\/ciencias-ambientales-225x150.jpg 225w, https:\/\/www.cursosycarreras.com.mx\/orientacion\/wp-content\/uploads\/2021\/08\/ciencias-ambientales-150x100.jpg 150w, https:\/\/www.cursosycarreras.com.mx\/orientacion\/wp-content\/uploads\/2021\/08\/ciencias-ambientales-scaled.jpg 1080w\" sizes=\"(max-width: 1024px) 100vw, 1024px\" \/><\/figure>\n<p><\/p>\n<p><\/p>\n<h2><span id=\"Mitos-de-la-carrera-de-Ciencias-Ambientales\"><strong>Mitos de la carrera de Ciencias Ambientales<\/strong><\/span><\/h2>\n<p><\/p>\n<p><\/p>\n<h3><strong>Existen muchos j\u00f3venes apasionados queriendo hacer un cambio para salvar el mundo. \u00bfEs suficiente ese deseo para poder estudiar la carrera de Ciencias Ambientales?<\/strong><\/h3>\n<p><\/p>\n<p><\/p>\n<p>No es suficiente, pero s\u00ed es un ingrediente importante y necesario. Eso es algo que percibo en pr\u00e1cticamente todos los estudiantes que tenemos. Existe una gran sensibilidad sobre la situaci\u00f3n ambiental que est\u00e1 muy por encima del promedio de estudiantes de la universidad.<\/p>\n<p><\/p>\n<p><\/p>\n<p>Pero como dec\u00eda, no basta con eso, porque necesitas estudiar f\u00edsica, qu\u00edmica, matem\u00e1ticas. Existe una formaci\u00f3n muy fuerte en estas ciencias, por lo que tambi\u00e9n debes poner todo tu empe\u00f1o en estudiar, y si no cuentas con las fuerzas para hacerlo, pues no bastar\u00e1 con el simple deseo moral de querer salvar el mundo.<\/p>\n<p><\/p>\n<p><\/p>\n<h3><strong>\u00bfEs cierto que muchos ecologistas, ambient\u00f3logos, agr\u00f3nomos y ambientalistas suelen ser dogm\u00e1ticos?<\/strong><\/h3>\n<p><\/p>\n<p><\/p>\n<p>S\u00ed, es totalmente cierto. En nuestras clases lo que tratamos de transmitir es que ellos no pueden funcionar profesionalmente con dogmas, ellos tienen que aprender a mirar los problemas con mucha honestidad intelectual. La persona dogm\u00e1tica suele trabajar mucho con los buenos y los malos, y nuestro trabajo es hacerles entender que muchas veces lo que cre\u00edas que era bueno, no lo es tanto, y as\u00ed tambi\u00e9n ocurre con lo malo, que a veces no suele ser tan malo.<\/p>\n<p><\/p>\n<p><\/p>\n<p>Y eso nos cuesta bastante, con los agr\u00f3nomos, con los ambient\u00f3logos, con los ambientalistas. Lo que hay que hacer es poner toda la informaci\u00f3n sobre la mesa, empezar a evaluar posibles soluciones y llegar a un acuerdo que puede que a algunos guste m\u00e1s y a otros menos, pero la idea es aceptarlo.<\/p>\n<p><\/p>\n<p><\/p>\n<h3><strong>\u00bfPuede ser que cada vez haya m\u00e1s contaminaci\u00f3n?<\/strong><\/h3>\n<p><\/p>\n<p><\/p>\n<p>Cuando una ciudad empieza a hacerse cada vez m\u00e1s densa, un proceso natural de todos los organismos es desechar lo que nos sobra, lo cual se transforma en un problema, porque entonces necesitamos gestionar esos residuos. Para gestionar esos residuos, empieza a ser limitante un recurso fundamental, el cual es el espacio.<\/p>\n<p><\/p>\n<p><\/p>\n<p>Entonces, poco a poco nos quedamos sin sitio para colocar esos residuos, esto causa que empiecen a estar en lugares inadecuados, lo cual tiene un impacto, en t\u00e9rminos de contaminaci\u00f3n, en el suelo, agua y aire. Adem\u00e1s, atrae fauna no deseada, como podr\u00eda ser roedores o cucarachas.<\/p>\n<p><\/p>\n<p><\/p>\n<h3><strong>\u00bfC\u00f3mo afecta este problema al mundo y cu\u00e1l es una posible soluci\u00f3n?<\/strong><\/h3>\n<p><\/p>\n<p><\/p>\n<p>Como dec\u00eda, estamos generando demasiada basura, gracias a la explosi\u00f3n demogr\u00e1fica y esto claramente afecta el ambiente de una manera atroz. Pero no s\u00f3lo eso, existe algo que llamamos econom\u00eda lineal, la cual se basa en usar un producto por un tiempo y luego lo descartamos.&nbsp;<\/p>\n<p><\/p>\n<p><\/p>\n<p>Esa econom\u00eda no se sostiene m\u00e1s y lo que se est\u00e1 tratando de defender es una econom\u00eda de tipo circular, donde se pueda recuperar todo lo producido para que vuelva a ser materia prima, vuelva a generar un ciclo econ\u00f3mico de m\u00e1s trabajo y contamine menos. Podr\u00edamos decir que es uno de los grandes desaf\u00edos del siglo XXI.&nbsp;<\/p>\n<p><\/p>\n<p><\/p>\n<p>En el mundo se producen mil quinientos millones de toneladas de basura por a\u00f1o. Si no queremos que llegue a un punto de no retorno, hay que gestionarlo urgentemente. Necesitamos de ambient\u00f3logos y muchos otros profesionales, no s\u00f3lo para que la basura no se convierta en un desecho, sino para que vuelva a ser un recurso.<\/p>\n<p><\/p>\n<p><\/p>\n<p><strong>Se debe educar a las personas para separar, reciclar y cuestionar nuestra econom\u00eda de producci\u00f3n y consumo<\/strong>. Estamos utilizando muchos recursos naturales para productos que no necesitamos, los cuales consumimos en exceso. Entonces, es toda una mentalidad que hay que cambiar.<\/p>\n<p><\/p>\n<p><\/p>\n<blockquote class=\"wp-block-quote\">\n<p><span style=\"color:#22a865\" class=\"has-inline-color\">\u201c<strong>Se debe educar a las personas para separar, reciclar y cuestionar nuestra econom\u00eda de producci\u00f3n y consumo.\u201d<\/strong><\/span><\/p>\n<\/blockquote>\n<p><\/p>\n<p><\/p>\n<h3><strong>\u00bfC\u00f3mo encara este problema una Licenciada en Ciencias Ambientales?<\/strong><\/h3>\n<p><\/p>\n<p><\/p>\n<p>Lo encara con una visi\u00f3n muy sist\u00e9mica. <strong>El egresado de la carrera de Ciencias Ambientales tiene una formaci\u00f3n que le permite lidiar con la tensi\u00f3n que hay entre el componente social y el componente ecol\u00f3gico<\/strong>. Est\u00e1 formado en nociones de antropolog\u00eda, de humanidades, sociolog\u00eda, econom\u00eda, pol\u00edtica y regulaciones ambientales. Tambi\u00e9n tiene un conocimiento muy profundo de ecolog\u00eda, fisiolog\u00eda de las plantas, suelos, clima y de una cantidad enorme de disciplinas que forman parte de la biof\u00edsica.&nbsp;<\/p>\n<p><\/p>\n<p><\/p>\n<figure class=\"wp-block-image size-large\"><img width=\"1024\" height=\"605\" src=\"https:\/\/www.cursosycarreras.com.mx\/orientacion\/wp-content\/uploads\/2021\/08\/ciencias-ambientales-carrera-1-1024x605.jpg\" alt=\"ciencias-ambientales-carrera\" class=\"wp-image-4371\" srcset=\"https:\/\/www.cursosycarreras.com.mx\/orientacion\/wp-content\/uploads\/2021\/08\/ciencias-ambientales-carrera-1-1024x605.jpg 1024w, https:\/\/www.cursosycarreras.com.mx\/orientacion\/wp-content\/uploads\/2021\/08\/ciencias-ambientales-carrera-1-300x177.jpg 300w, https:\/\/www.cursosycarreras.com.mx\/orientacion\/wp-content\/uploads\/2021\/08\/ciencias-ambientales-carrera-1-768x454.jpg 768w, https:\/\/www.cursosycarreras.com.mx\/orientacion\/wp-content\/uploads\/2021\/08\/ciencias-ambientales-carrera-1-250x148.jpg 250w, https:\/\/www.cursosycarreras.com.mx\/orientacion\/wp-content\/uploads\/2021\/08\/ciencias-ambientales-carrera-1-150x89.jpg 150w, https:\/\/www.cursosycarreras.com.mx\/orientacion\/wp-content\/uploads\/2021\/08\/ciencias-ambientales-carrera-1.jpg 1080w\" sizes=\"(max-width: 1024px) 100vw, 1024px\" \/><\/figure>\n<p><\/p>\n<p><\/p>\n<h2><span id=\"Consejos-de-una-licenciada-en-Ciencias-Ambientales\"><strong>Consejos de una licenciada en Ciencias Ambientales<\/strong><\/span><\/h2>\n<p><\/p>\n<p><\/p>\n<h3><strong>\u00bfQu\u00e9 podemos hacer como individuos para contribuir con un mundo mejor?<\/strong><\/h3>\n<p><\/p>\n<p><\/p>\n<p>Dif\u00edcil pregunta, y entiendo que ya no ser\u00eda hablando de profesionales de las ciencias ambientales, sino de una persona com\u00fan y corriente. Me parece que el primer paso es reflexionar y darnos cuenta de la conexi\u00f3n que existe entre la bolsa y los residuos que generamos cada d\u00eda. Me refiero a no solamente decir \u201c\u00bfC\u00f3mo gestionar mejor la basura?\u201d Que es b\u00e1sicamente poner la basura en un lugar o en otro, dependiendo de lo que se trate; sino preguntarnos: \u201c\u00bfC\u00f3mo hacer para que el contenido de la bolsa sea m\u00e1s peque\u00f1o?\u201d<\/p>\n<p><\/p>\n<p><\/p>\n<p>Entonces,<strong> lo que realmente hay que hacer es tomar decisiones, lo que solemos llamar<\/strong> <strong>consumo responsable<\/strong>. Por ejemplo, el otro d\u00eda miraba un paquete y me di cuenta que no ten\u00eda el s\u00edmbolo de reciclable y dije: \u201c\u00a1Qu\u00e9 barbaridad!\u201d Mi deber es mandarles un email recomend\u00e1ndoles opciones para solucionar eso.<\/p>\n<p><\/p>\n<p><\/p>\n<p>Y ese es el punto, y creo que por ah\u00ed va tu pregunta. Hay que empezar a involucrarse, tomar decisiones, poner el tema sobre la mesa, que pienso que el de los residuos tiene ya varios a\u00f1os. Pero bueno, hoy en d\u00eda con el tema del pl\u00e1stico hay muchos comunicadores, artistas y personalidades que contribuyen, por lo que hay m\u00e1s canales y v\u00edas para que la persona com\u00fan pueda expresarse al respecto.<\/p>\n<p><\/p>\n<p><\/p>\n<p>B\u00e1sicamente hay que darle un espacio a esa reflexi\u00f3n y empezar a exigir soluciones pol\u00edticas que permitan generar todos los marcos regulatorios, esquemas de producci\u00f3n para que la econom\u00eda pase de ser lineal a circular. Para ello, nosotros tambi\u00e9n debemos adoptar pr\u00e1cticas que sean del tipo de econom\u00eda circular. Hay que darnos cuenta que proteger al ambiente no es s\u00f3lo declarar un parque nacional, sino que <strong>uno puede proteger y producir a la vez<\/strong>. Hay que hacer un cambio de chip para lograr cambios a gran escala.<\/p>\n<p><\/p>\n<p><\/p>\n<h2><span id=\"Donde-estudiar-la-carrera-de-Ciencias-Ambientales\"><strong>\u00bfD\u00f3nde estudiar la carrera de Ciencias Ambientales?<\/strong><\/span><\/h2>\n<p><\/p>\n<p><\/p>\n<p>Si luego de leer c\u00f3mo fue la experiencia de Mar\u00eda te dieron ganas de estudiar la carrera de Ciencias Ambientales, entonces te contaremos algunas de las instituciones que dictan esta profesi\u00f3n:<\/p>\n<p><\/p>\n<p><\/p>\n<h3><strong>Instituciones Privadas<\/strong><\/h3>\n<p><\/p>\n<p><\/p>\n<ul>\n<li><a href=\"https:\/\/bit.ly\/386T8dI\" target=\"_blank\" rel=\"noreferrer noopener\">ICEST &#8211; Instituto de Ciencias y Estudios Superiores de Tamaulipas<\/a><\/li>\n<li>Centro Panamericano de Estudios Superiores<\/li>\n<li>Universidad Iberoamericana Puebla<\/li>\n<\/ul>\n<p><\/p>\n<p><\/p>\n<h3><strong>Instituciones P\u00fablicas<\/strong><\/h3>\n<p><\/p>\n<p><\/p>\n<ul>\n<li>UNAM &#8211; Universidad Nacional Aut\u00f3noma de M\u00e9xico<\/li>\n<li>Universidad Aut\u00f3noma de Guerrero<\/li>\n<li>UAEM &#8211; Universidad Aut\u00f3noma del Estado de M\u00e9xico<\/li>\n<li>Universidad Aut\u00f3noma de Tlaxcala<\/li>\n<li>UACM &#8211; Universidad Aut\u00f3noma de la Ciudad de M\u00e9xico<\/li>\n<li>Universidad Aut\u00f3noma de Baja California Sur<\/li>\n<\/ul>\n<p><\/p>\n<p><\/p>\n<p>Si deseas conocer la lista completa de instituciones educativas, tanto privadas como p\u00fablicas, que dictan carreras relacionadas a las Ciencias Ambientales, te recomendamos ingresar a nuestro sitio haciendo clic <a href=\"https:\/\/bit.ly\/3zauDZ1\" target=\"_blank\" rel=\"noreferrer noopener\">aqu\u00ed<\/a>.<\/p>\n<p><\/p>\n<p><\/p>\n<h2><span id=\"Se-puede-estudiar-Ciencias-Ambientales-en-linea\"><strong>\u00bfSe puede estudiar Ciencias Ambientales en l\u00ednea?<\/strong><\/span><\/h2>\n<p><\/p>\n<p><\/p>\n<p>Lamentablemente la carrera de Ciencias Ambientales no se puede estudiar en l\u00ednea debido a que su plan de estudios tiene asignaturas que requieren de la presencia en el aula<\/p>\n<p><\/p>\n<p><\/p>\n<p>Sin embargo, existen algunas opciones de carreras vinculadas al medio ambiente que se pueden cursar en la modalidad virtual. Puedes chequearlas en este <a href=\"https:\/\/bit.ly\/3sJL8J1\" target=\"_blank\" rel=\"noreferrer noopener\">enlace<\/a>.<\/p>\n<p><\/p>\n<p><\/p>\n<p>Si tienes ganas de conocer qu\u00e9 carreras pueden estudiar en l\u00ednea, te recomendamos checar la nota \u201c<a href=\"https:\/\/bit.ly\/3sDI5lP\" target=\"_blank\" rel=\"noreferrer noopener\">Carreras en l\u00ednea: qu\u00e9 son, cu\u00e1les hay, d\u00f3nde se estudian y qu\u00e9 ventajas tienen<\/a>\u201d.<\/p>\n<p><\/p>\n<script type='text\/javascript'>\twp_cta_load_variation( '2722', '0' )<\/script><style type=\"text\/css\" id=\"wp_cta_css_custom_2722_0\" class=\"wp_cta_css_2722 \"> #wp_cta_2722_variation_0 #flat-cta-wrapper {font-family: Lato,sans-serif;}\n#wp_cta_2722_variation_0 #inbound-hero {width: 35%;float: left;margin-right: 4%;margin-left: 4%;position: relative;}\n#wp_cta_2722_variation_0 #inbound-content {font-size: 2.625em;font-weight: 300;}\n#wp_cta_2722_variation_0 .inbound-hero-img {width: 100%;}\n#wp_cta_2722_variation_0 #inbound_cta_header {margin: 0 auto;text-align: center;padding-top: 25px;padding-bottom: 25px;padding-left: 25px;padding-right: 25px;}\n#wp_cta_2722_variation_0 #inbound_cta_header .flat-header {font-size: 2.625em;line-height: 1.3;margin: 0;font-weight: 300;color: #fff;margin-bottom: 10px;display: block;}\n#wp_cta_2722_variation_0 #inbound-content span {display: block;font-size: 60%;opacity: 1;padding: 0 0 .6em .1em;color: #fff;line-height: 1.3;}\n#wp_cta_2722_variation_0 .demos {padding-top: 25px;padding-bottom: 13px;}\n#wp_cta_2722_variation_0 .btn:hover, #wp_cta_2722_variation_0 .btn:active {color: #60bcf0;background: #fff;}\n#wp_cta_2722_variation_0 .btn {border: none;font-family: inherit;font-size: inherit;color: inherit;background: none;cursor: pointer;padding: 25px 40px;display: inline-block;text-transform: uppercase;letter-spacing: 1px;font-weight: 700;outline: none;position: relative;-webkit-transition: all .3s;-moz-transition: all .3s;transition: all .3s;width: auto;}\n#wp_cta_2722_variation_0 .btn {border: 3px solid #fff;color: #fff;}\n#wp_cta_2722_variation_0 h2 {margin-top: 40px;font-size: 14px;text-transform: uppercase;}\n#wp_cta_2722_variation_0 p.spacer {height: 5px;overflow: hidden;}\n#wp_cta_2722_variation_0 footer {padding: 20px 0;position: relative;}\n#wp_cta_2722_variation_0 footer iframe {position: absolute;top: 20px;right: 0;}\n#wp_cta_2722_variation_0 table td:first-child {width: 125px;}\n#wp_cta_2722_variation_0 li strong {color: #111;}\n#wp_cta_2722_variation_0 .btn.btn-large {float: right;margin-top: 40px;}\n#wp_cta_2722_variation_0 .ui-ios-overlay {z-index: 99999;position: fixed;top: 50%;left: 50%;width: 200px;height: 200px;margin-left: -100px;margin-top: -100px;filter: progid:DXImageTransform.Microsoft.gradient(startColorstr=#c00,endColorstr=#c00);background: rgba(0,0,0,.8);-webkit-border-radius: 20px;-moz-border-radius: 20px;border-radius: 20px;}\n#wp_cta_2722_variation_0 .ui-ios-overlay .title {color: #fff;font-weight: bold;text-align: center;display: block;font-size: 26px;position: absolute;bottom: 30px;left: 0;width: 100%;}\n#wp_cta_2722_variation_0 .ui-ios-overlay img {display: block;margin: 20% auto 0 auto;}\n#wp_cta_2722_variation_0 .ui-ios-overlay .spinner {left: 50% !important;top: 40% !important;}\n#wp_cta_2722_variation_0 .ios-overlay-show {-webkit-animation-name: ios-overlay-show;-webkit-animation-duration: 750ms;-moz-animation-name: ios-overlay-show;-moz-animation-duration: 750ms;-ms-animation-name: ios-overlay-show;-ms-animation-duration: 750ms;-o-animation-name: ios-overlay-show;-o-animation-duration: 750ms;animation-name: ios-overlay-show;animation-duration: 750ms;}\n@-webkit-keyframes ios-overlay-show {0% {opacity: 0;}\n\t100% {opacity: 1;}}\n@-moz-keyframes ios-overlay-show {0% {opacity: 0;}\n\t100% {opacity: 1;}}\n@-ms-keyframes ios-overlay-show {0% {opacity: 0;}\n\t100% {opacity: 1;}}\n@-o-keyframes ios-overlay-show {0% {opacity: 0;}\n\t100% {opacity: 1;}}\n@keyframes ios-overlay-show {0% {opacity: 0;}\n\t100% {opacity: 1;}}\n#wp_cta_2722_variation_0 .ios-overlay-hide {-webkit-animation-name: ios-overlay-hide;-webkit-animation-duration: 750ms;-webkit-animation-fill-mode: forwards;-moz-animation-name: ios-overlay-hide;-moz-animation-duration: 750ms;-moz-animation-fill-mode: forwards;-ms-animation-name: ios-overlay-hide;-ms-animation-duration: 750ms;-ms-animation-fill-mode: forwards;-o-animation-name: ios-overlay-hide;-o-animation-duration: 750ms;-o-animation-fill-mode: forwards;animation-name: ios-overlay-hide;animation-duration: 750ms;animation-fill-mode: forwards;}\n@-webkit-keyframes ios-overlay-hide {0% {opacity: 1;}\n\t100% {opacity: 0;}}\n@-moz-keyframes ios-overlay-hide {0% {opacity: 1;}\n\t100% {opacity: 0;}}\n@-ms-keyframes ios-overlay-hide {0% {opacity: 1;}\n\t100% {opacity: 0;}}\n@-o-keyframes ios-overlay-hide {0% {opacity: 1;}\n\t100% {opacity: 0;}}\n@keyframes ios-overlay-hide {0% {opacity: 1;}\n\t100% {opacity: 0;}}\n#wp_cta_2722_variation_0 .ui-ios-overlay {z-index: 99999;position: fixed;top: 50%;left: 50%;width: 200px;height: 200px;margin-left: -100px;margin-top: -100px;filter: progid:DXImageTransform.Microsoft.gradient(startColorstr=#c00,endColorstr=#c00);background: rgba(0,0,0,.8);-webkit-border-radius: 20px;-moz-border-radius: 20px;border-radius: 20px;}\n#wp_cta_2722_variation_0 .ui-ios-overlay .title {color: #fff;font-weight: bold;text-align: center;display: block;font-size: 26px;position: absolute;bottom: 30px;left: 0;width: 100%;}\n#wp_cta_2722_variation_0 .ui-ios-overlay img {display: block;margin: 20% auto 0 auto;}\n#wp_cta_2722_variation_0 .ui-ios-overlay .spinner {left: 50% !important;top: 40% !important;}\n#wp_cta_2722_variation_0 .ios-overlay-show {-webkit-animation-name: ios-overlay-show;-webkit-animation-duration: 750ms;-moz-animation-name: ios-overlay-show;-moz-animation-duration: 750ms;-ms-animation-name: ios-overlay-show;-ms-animation-duration: 750ms;-o-animation-name: ios-overlay-show;-o-animation-duration: 750ms;animation-name: ios-overlay-show;animation-duration: 750ms;}\n@-webkit-keyframes ios-overlay-show {0% {opacity: 0;}\n\t100% {opacity: 1;}}\n@-moz-keyframes ios-overlay-show {0% {opacity: 0;}\n\t100% {opacity: 1;}}\n@-ms-keyframes ios-overlay-show {0% {opacity: 0;}\n\t100% {opacity: 1;}}\n@-o-keyframes ios-overlay-show {0% {opacity: 0;}\n\t100% {opacity: 1;}}\n@keyframes ios-overlay-show {0% {opacity: 0;}\n\t100% {opacity: 1;}}\n#wp_cta_2722_variation_0 .ios-overlay-hide {-webkit-animation-name: ios-overlay-hide;-webkit-animation-duration: 750ms;-webkit-animation-fill-mode: forwards;-moz-animation-name: ios-overlay-hide;-moz-animation-duration: 750ms;-moz-animation-fill-mode: forwards;-ms-animation-name: ios-overlay-hide;-ms-animation-duration: 750ms;-ms-animation-fill-mode: forwards;-o-animation-name: ios-overlay-hide;-o-animation-duration: 750ms;-o-animation-fill-mode: forwards;animation-name: ios-overlay-hide;animation-duration: 750ms;animation-fill-mode: forwards;}\n@-webkit-keyframes ios-overlay-hide {0% {opacity: 1;}\n\t100% {opacity: 0;}}\n@-moz-keyframes ios-overlay-hide {0% {opacity: 1;}\n\t100% {opacity: 0;}}\n@-ms-keyframes ios-overlay-hide {0% {opacity: 1;}\n\t100% {opacity: 0;}}\n@-o-keyframes ios-overlay-hide {0% {opacity: 1;}\n\t100% {opacity: 0;}}\n@keyframes ios-overlay-hide {0% {opacity: 1;}\n\t100% {opacity: 0;}}\n#wp_cta_2722_variation_0 .inbound-horizontal input {margin-right: 10px;padding: 3px;padding-top: 2px;}\n#wp_cta_2722_variation_0 .inbound-horizontal {display: inline-block;vertical-align: middle;}\n#wp_cta_2722_variation_0 .inbound-horizontal label {margin-right: 5px;font-size: 20px;vertical-align: middle;}\n#wp_cta_2722_variation_0 #checkMark {text-decoration: none;}\n#wp_cta_2722_variation_0 #cta_container {padding-top: 28px;padding-bottom: 41px;padding-left: 20px;padding-right: 20px;color: #fff;}\n#wp_cta_2722_variation_0 #flat-cta-wrapper {background-color: #00bfbf;}\n#wp_cta_2722_variation_0 #flat-cta-wrapper .btn {border: 3px solid #fff;color: #fff;}\n#wp_cta_2722_variation_0 #flat-cta-wrapper .btn:hover, #wp_cta_2722_variation_0 #flat-cta-wrapper .btn:active {color: #00bfbf;background: #fff;}\n#wp_cta_2722_variation_0 #inbound-content p {color: #fff;}<\/style><script type=\"text\/javascript\">jQuery(document).ready(function($) {\r\n\t\t\t\t\t });<\/script><div id='wp_cta_2722_container' class='wp_cta_container cta_outer_container' style='margin-top:0px;margin-bottom:0px;position:relative;' ><div id='wp_cta_2722_variation_0' class='inbound-cta-container wp_cta_content wp_cta_variation wp_cta_2722_variation_0' style='display:none; margin:auto; width: 100%; height: 300px;'  data-variation='0' data-cta-id='2722'><div id=\"flat-cta-wrapper\">&#13;\n    <div id=\"inbound_cta_header\">&#13;\n        <span class=\"flat-header\">Carrera de Ciencias Ambientales\t<\/span>&#13;\n        <div id=\"inbound-content\"><span>\u00bfQuieres estudiar la Carrera de Ciencias Ambientales en M\u00e9xico? Consulta todas las Instituciones que la brindan<\/span><\/div>&#13;\n        <nav class=\"demos\">&#13;\n            <a href=\"https:\/\/www.cursosycarreras.com.mx\/orientacion\/inbound\/569ln3oi4\" id=\"checkMark\" class=\"btn\" rel=\"nofollow\">M\u00e1s informaci\u00f3n<\/a>&#13;\n        <\/nav>&#13;\n    <\/div>&#13;\n<\/div>&#13;\n<\/div><\/div>\n<\/p>\n<p><\/p>\n<h2><span id=\"Prueba-EduMatch-nuestro-Test-Vocacional\"><strong>Prueba EduMatch, nuestro Test Vocacional<\/strong><\/span><\/h2>\n<p><\/p>\n<p><\/p>\n<p>Saber cu\u00e1l es nuestra vocaci\u00f3n y con qu\u00e9 habilidades contamos es fundamental, ya que ser\u00e1n ellas las que nos den la motivaci\u00f3n necesaria para seguir estudiando.<\/p>\n<p><\/p>\n<p><\/p>\n<p>Si a\u00fan no sabes qu\u00e9 estudiar, no desesperes \u00a1Tenemos lo que necesitas! Descubre las carreras compatibles con tu personalidad con <a href=\"https:\/\/bit.ly\/2WhnRm0\" target=\"_blank\" rel=\"noreferrer noopener\">EduMatch<\/a>, nuestro test vocacional online. EduMatch te acerca a tu profesi\u00f3n ideal de forma f\u00e1cil, r\u00e1pida y \u00a1gratis! Solo debes seguir 4 pasos para elegir tu carrera. No esperes m\u00e1s, haz click <a href=\"https:\/\/bit.ly\/2WhnRm0\" target=\"_blank\" rel=\"noreferrer noopener\">aqu\u00ed<\/a> y \u00a1decide ya sobre tu futuro!<\/p>\n<p><\/p>\n<p><\/p>\n<h2><span id=\"Para-finalizar\"><strong>Para finalizar<\/strong><\/span><\/h2>\n<p><\/p>\n<p><\/p>\n<p>Este art\u00edculo es la edici\u00f3n de una entrevista realizada por Anal\u00eda Brodsky (Licenciada en Psicolog\u00eda) para el programa radial \u201cVocaciones en Red\u201d. El mismo se dirige a todas las personas que quieran conectar con su vocaci\u00f3n, y conocer testimonios de profesionales.<\/p>\n<p><\/p>\n<p><\/p>\n<p>En esta emisi\u00f3n se entrevist\u00f3 a un egresado de la <strong>carrera de Ciencias Ambientales <\/strong>que nos pudo contar sobre su experiencia profesional. Si quieres saber m\u00e1s sobre esta profesi\u00f3n o sobre las universidades que la dictan, te recomendamos que ingreses a<a href=\"https:\/\/bit.ly\/2WkAYmv\" target=\"_blank\" rel=\"noreferrer noopener\"> cursosycarreras.com.mx<\/a>.<\/p>\n<p><\/p>\n","protected":false},"excerpt":{"rendered":"<p>En este art\u00edculo te vamos a compartir la edici\u00f3n de una entrevista realizada a una egresada de la Carrera de Ciencias Ambientales. En ella, nos brindar\u00e1 mucha informaci\u00f3n y consejos para los futuros estudiantes seg\u00fan su experiencia. \u00a1Sigue leyendo y descubre todo sobre esta profesi\u00f3n!<\/p>\n","protected":false},"author":7,"featured_media":4375,"comment_status":"closed","ping_status":"closed","sticky":false,"template":"","format":"standard","meta":[],"categories":[440,499,276],"tags":[435,436],"featured_image_urls":{"full":["https:\/\/www.cursosycarreras.com.mx\/orientacion\/wp-content\/uploads\/2021\/08\/carrera-de-ciencias-ambientales-1.jpg",1078,720,false],"thumbnail":["https:\/\/www.cursosycarreras.com.mx\/orientacion\/wp-content\/uploads\/2021\/08\/carrera-de-ciencias-ambientales-1-150x150.jpg",150,150,true],"medium":["https:\/\/www.cursosycarreras.com.mx\/orientacion\/wp-content\/uploads\/2021\/08\/carrera-de-ciencias-ambientales-1-300x200.jpg",300,200,true],"medium_large":["https:\/\/www.cursosycarreras.com.mx\/orientacion\/wp-content\/uploads\/2021\/08\/carrera-de-ciencias-ambientales-1-768x513.jpg",768,513,true],"large":["https:\/\/www.cursosycarreras.com.mx\/orientacion\/wp-content\/uploads\/2021\/08\/carrera-de-ciencias-ambientales-1-1024x684.jpg",920,615,true],"1536x1536":["https:\/\/www.cursosycarreras.com.mx\/orientacion\/wp-content\/uploads\/2021\/08\/carrera-de-ciencias-ambientales-1.jpg",1078,720,false],"2048x2048":["https:\/\/www.cursosycarreras.com.mx\/orientacion\/wp-content\/uploads\/2021\/08\/carrera-de-ciencias-ambientales-1.jpg",1078,720,false],"custom":["https:\/\/www.cursosycarreras.com.mx\/orientacion\/wp-content\/uploads\/2021\/08\/carrera-de-ciencias-ambientales-1-225x150.jpg",225,150,true],"post-thumbnail":["https:\/\/www.cursosycarreras.com.mx\/orientacion\/wp-content\/uploads\/2021\/08\/carrera-de-ciencias-ambientales-1-150x100.jpg",150,100,true],"header":["https:\/\/www.cursosycarreras.com.mx\/orientacion\/wp-content\/uploads\/2021\/08\/carrera-de-ciencias-ambientales-1-1078x120.jpg",1078,120,true],"slider":["https:\/\/www.cursosycarreras.com.mx\/orientacion\/wp-content\/uploads\/2021\/08\/carrera-de-ciencias-ambientales-1-1078x400.jpg",1078,400,true],"columns":["https:\/\/www.cursosycarreras.com.mx\/orientacion\/wp-content\/uploads\/2021\/08\/carrera-de-ciencias-ambientales-1-351x201.jpg",351,201,true]},"post_excerpt_stackable":"<p>En este art\u00edculo te vamos a compartir la edici\u00f3n de una entrevista realizada a una egresada de la Carrera de Ciencias Ambientales. En ella, nos brindar\u00e1 mucha informaci\u00f3n y consejos para los futuros estudiantes seg\u00fan su experiencia. \u00a1Sigue leyendo y descubre todo sobre esta profesi\u00f3n! &Iacute;ndice1 Entrevista a una Ingeniera Agr\u00f3noma2 Los inicios en la Carrera de Ciencias Ambientales3 Caracter\u00edsticas de la Carrera de Ciencias Ambientales&nbsp;4 La experiencia laboral en Ciencias Ambientales5 Mitos de la carrera de Ciencias Ambientales6 Consejos de una licenciada en Ciencias Ambientales7 \u00bfD\u00f3nde estudiar la carrera de Ciencias Ambientales?8 \u00bfSe puede estudiar Ciencias Ambientales en l\u00ednea?9&hellip;<\/p>\n","category_list":"<a href=\"https:\/\/www.cursosycarreras.com.mx\/orientacion\/category\/seguridad-higiene-y-medio-ambiente\/gestion-ambiental\/\" rel=\"tag\">Gesti\u00f3n Ambiental<\/a>, <a href=\"https:\/\/www.cursosycarreras.com.mx\/orientacion\/category\/seguridad-higiene-y-medio-ambiente\/gestion-ambiental\/gestion-medio-ambiental\/\" rel=\"tag\">Gesti\u00f3n Medio Ambiental<\/a>, <a href=\"https:\/\/www.cursosycarreras.com.mx\/orientacion\/category\/orientacion-vocacional\/\" rel=\"tag\">Orientaci\u00f3n Vocacional<\/a>","author_info":{"name":"Lucila Voccia","url":"https:\/\/www.cursosycarreras.com.mx\/orientacion\/author\/lucila-voccia\/"},"comments_num":"0 comments","yoast_head":"<!-- This site is optimized with the Yoast SEO plugin v18.2 - https:\/\/yoast.com\/wordpress\/plugins\/seo\/ -->\n<title>La carrera de Ciencias Ambientales seg\u00fan una egresada [Entrevista] - CursosyCarreras.com.mx<\/title>\n<meta name=\"description\" content=\"En este art\u00edculo te vamos a compartir la edici\u00f3n de una entrevista realizada a una egresada de la Carrera de Ciencias Ambientales.\" \/>\n<meta name=\"robots\" content=\"index, follow, max-snippet:-1, max-image-preview:large, max-video-preview:-1\" \/>\n<link rel=\"canonical\" href=\"https:\/\/www.cursosycarreras.com.mx\/orientacion\/carrera-de-ciencias-ambientales-entrevista\/\" \/>\n<meta property=\"og:locale\" content=\"es_ES\" \/>\n<meta property=\"og:type\" content=\"article\" \/>\n<meta property=\"og:title\" content=\"La carrera de Ciencias Ambientales seg\u00fan una egresada [Entrevista] - CursosyCarreras.com.mx\" \/>\n<meta property=\"og:description\" content=\"En este art\u00edculo te vamos a compartir la edici\u00f3n de una entrevista realizada a una egresada de la Carrera de Ciencias Ambientales.\" \/>\n<meta property=\"og:url\" content=\"https:\/\/www.cursosycarreras.com.mx\/orientacion\/carrera-de-ciencias-ambientales-entrevista\/\" \/>\n<meta property=\"og:site_name\" content=\"CursosyCarreras.com.mx\" \/>\n<meta property=\"article:publisher\" content=\"https:\/\/www.facebook.com\/CursosyCarrerascom\" \/>\n<meta property=\"article:published_time\" content=\"2021-08-23T15:50:27+00:00\" \/>\n<meta property=\"article:modified_time\" content=\"2022-02-16T15:48:10+00:00\" \/>\n<meta property=\"og:image\" content=\"https:\/\/www.cursosycarreras.com.mx\/orientacion\/wp-content\/uploads\/2021\/08\/carrera-de-ciencias-ambientales-1.jpg\" \/>\n\t<meta property=\"og:image:width\" content=\"1078\" \/>\n\t<meta property=\"og:image:height\" content=\"720\" \/>\n\t<meta property=\"og:image:type\" content=\"image\/jpeg\" \/>\n<meta name=\"twitter:card\" content=\"summary\" \/>\n<meta name=\"twitter:label1\" content=\"Written by\" \/>\n\t<meta name=\"twitter:data1\" content=\"Lucila Voccia\" \/>\n\t<meta name=\"twitter:label2\" content=\"Est. reading time\" \/>\n\t<meta name=\"twitter:data2\" content=\"15 minutos\" \/>\n<script type=\"application\/ld+json\" class=\"yoast-schema-graph\">{\"@context\":\"https:\/\/schema.org\",\"@graph\":[{\"@type\":\"Organization\",\"@id\":\"https:\/\/www.cursosycarreras.com.mx\/orientacion\/#organization\",\"name\":\"Cursos y Carreras M\u00e9xico\",\"url\":\"https:\/\/www.cursosycarreras.com.mx\/orientacion\/\",\"sameAs\":[\"https:\/\/www.facebook.com\/CursosyCarrerascom\"],\"logo\":{\"@type\":\"ImageObject\",\"@id\":\"https:\/\/www.cursosycarreras.com.mx\/orientacion\/#logo\",\"inLanguage\":\"es-AR\",\"url\":\"https:\/\/www.cursosycarreras.com.mx\/orientacion\/wp-content\/uploads\/2018\/10\/logo_cyc.png\",\"contentUrl\":\"https:\/\/www.cursosycarreras.com.mx\/orientacion\/wp-content\/uploads\/2018\/10\/logo_cyc.png\",\"width\":375,\"height\":56,\"caption\":\"Cursos y Carreras M\u00e9xico\"},\"image\":{\"@id\":\"https:\/\/www.cursosycarreras.com.mx\/orientacion\/#logo\"}},{\"@type\":\"WebSite\",\"@id\":\"https:\/\/www.cursosycarreras.com.mx\/orientacion\/#website\",\"url\":\"https:\/\/www.cursosycarreras.com.mx\/orientacion\/\",\"name\":\"CursosyCarreras.com.mx\",\"description\":\"\",\"publisher\":{\"@id\":\"https:\/\/www.cursosycarreras.com.mx\/orientacion\/#organization\"},\"potentialAction\":[{\"@type\":\"SearchAction\",\"target\":{\"@type\":\"EntryPoint\",\"urlTemplate\":\"https:\/\/www.cursosycarreras.com.mx\/orientacion\/?s={search_term_string}\"},\"query-input\":\"required name=search_term_string\"}],\"inLanguage\":\"es-AR\"},{\"@type\":\"ImageObject\",\"@id\":\"https:\/\/www.cursosycarreras.com.mx\/orientacion\/carrera-de-ciencias-ambientales-entrevista\/#primaryimage\",\"inLanguage\":\"es-AR\",\"url\":\"https:\/\/www.cursosycarreras.com.mx\/orientacion\/wp-content\/uploads\/2021\/08\/carrera-de-ciencias-ambientales-1.jpg\",\"contentUrl\":\"https:\/\/www.cursosycarreras.com.mx\/orientacion\/wp-content\/uploads\/2021\/08\/carrera-de-ciencias-ambientales-1.jpg\",\"width\":1078,\"height\":720,\"caption\":\"carrera-de-ciencias-ambientales\"},{\"@type\":\"WebPage\",\"@id\":\"https:\/\/www.cursosycarreras.com.mx\/orientacion\/carrera-de-ciencias-ambientales-entrevista\/#webpage\",\"url\":\"https:\/\/www.cursosycarreras.com.mx\/orientacion\/carrera-de-ciencias-ambientales-entrevista\/\",\"name\":\"La carrera de Ciencias Ambientales seg\u00fan una egresada [Entrevista] - CursosyCarreras.com.mx\",\"isPartOf\":{\"@id\":\"https:\/\/www.cursosycarreras.com.mx\/orientacion\/#website\"},\"primaryImageOfPage\":{\"@id\":\"https:\/\/www.cursosycarreras.com.mx\/orientacion\/carrera-de-ciencias-ambientales-entrevista\/#primaryimage\"},\"datePublished\":\"2021-08-23T15:50:27+00:00\",\"dateModified\":\"2022-02-16T15:48:10+00:00\",\"description\":\"En este art\u00edculo te vamos a compartir la edici\u00f3n de una entrevista realizada a una egresada de la Carrera de Ciencias Ambientales.\",\"breadcrumb\":{\"@id\":\"https:\/\/www.cursosycarreras.com.mx\/orientacion\/carrera-de-ciencias-ambientales-entrevista\/#breadcrumb\"},\"inLanguage\":\"es-AR\",\"potentialAction\":[{\"@type\":\"ReadAction\",\"target\":[\"https:\/\/www.cursosycarreras.com.mx\/orientacion\/carrera-de-ciencias-ambientales-entrevista\/\"]}]},{\"@type\":\"BreadcrumbList\",\"@id\":\"https:\/\/www.cursosycarreras.com.mx\/orientacion\/carrera-de-ciencias-ambientales-entrevista\/#breadcrumb\",\"itemListElement\":[{\"@type\":\"ListItem\",\"position\":1,\"name\":\"Home\",\"item\":\"https:\/\/www.cursosycarreras.com.mx\/orientacion\/\"},{\"@type\":\"ListItem\",\"position\":2,\"name\":\"La carrera de Ciencias Ambientales seg\u00fan una egresada [Entrevista]\"}]},{\"@type\":\"Article\",\"@id\":\"https:\/\/www.cursosycarreras.com.mx\/orientacion\/carrera-de-ciencias-ambientales-entrevista\/#article\",\"isPartOf\":{\"@id\":\"https:\/\/www.cursosycarreras.com.mx\/orientacion\/carrera-de-ciencias-ambientales-entrevista\/#webpage\"},\"author\":{\"@id\":\"https:\/\/www.cursosycarreras.com.mx\/orientacion\/#\/schema\/person\/5578a144e9a582f30bfdd86f0a47c5aa\"},\"headline\":\"La carrera de Ciencias Ambientales seg\u00fan una egresada [Entrevista]\",\"datePublished\":\"2021-08-23T15:50:27+00:00\",\"dateModified\":\"2022-02-16T15:48:10+00:00\",\"mainEntityOfPage\":{\"@id\":\"https:\/\/www.cursosycarreras.com.mx\/orientacion\/carrera-de-ciencias-ambientales-entrevista\/#webpage\"},\"wordCount\":3336,\"publisher\":{\"@id\":\"https:\/\/www.cursosycarreras.com.mx\/orientacion\/#organization\"},\"image\":{\"@id\":\"https:\/\/www.cursosycarreras.com.mx\/orientacion\/carrera-de-ciencias-ambientales-entrevista\/#primaryimage\"},\"thumbnailUrl\":\"https:\/\/www.cursosycarreras.com.mx\/orientacion\/wp-content\/uploads\/2021\/08\/carrera-de-ciencias-ambientales-1.jpg\",\"keywords\":[\"Carrera de Ciencias Ambientales\",\"Gesti\u00f3n Ambiental\"],\"articleSection\":[\"Gesti\u00f3n Ambiental\",\"Gesti\u00f3n Medio Ambiental\",\"Orientaci\u00f3n Vocacional\"],\"inLanguage\":\"es-AR\"},{\"@type\":\"Person\",\"@id\":\"https:\/\/www.cursosycarreras.com.mx\/orientacion\/#\/schema\/person\/5578a144e9a582f30bfdd86f0a47c5aa\",\"name\":\"Lucila Voccia\",\"image\":{\"@type\":\"ImageObject\",\"@id\":\"https:\/\/www.cursosycarreras.com.mx\/orientacion\/#personlogo\",\"inLanguage\":\"es-AR\",\"url\":\"https:\/\/secure.gravatar.com\/avatar\/15276fbf032eca650ecc1822cf278130?s=96&d=mm&r=g\",\"contentUrl\":\"https:\/\/secure.gravatar.com\/avatar\/15276fbf032eca650ecc1822cf278130?s=96&d=mm&r=g\",\"caption\":\"Lucila Voccia\"},\"url\":\"https:\/\/www.cursosycarreras.com.mx\/orientacion\/author\/lucila-voccia\/\"}]}<\/script>\n<!-- \/ Yoast SEO plugin. -->","yoast_head_json":{"title":"La carrera de Ciencias Ambientales seg\u00fan una egresada [Entrevista] - CursosyCarreras.com.mx","description":"En este art\u00edculo te vamos a compartir la edici\u00f3n de una entrevista realizada a una egresada de la Carrera de Ciencias Ambientales.","robots":{"index":"index","follow":"follow","max-snippet":"max-snippet:-1","max-image-preview":"max-image-preview:large","max-video-preview":"max-video-preview:-1"},"canonical":"https:\/\/www.cursosycarreras.com.mx\/orientacion\/carrera-de-ciencias-ambientales-entrevista\/","og_locale":"es_ES","og_type":"article","og_title":"La carrera de Ciencias Ambientales seg\u00fan una egresada [Entrevista] - CursosyCarreras.com.mx","og_description":"En este art\u00edculo te vamos a compartir la edici\u00f3n de una entrevista realizada a una egresada de la Carrera de Ciencias Ambientales.","og_url":"https:\/\/www.cursosycarreras.com.mx\/orientacion\/carrera-de-ciencias-ambientales-entrevista\/","og_site_name":"CursosyCarreras.com.mx","article_publisher":"https:\/\/www.facebook.com\/CursosyCarrerascom","article_published_time":"2021-08-23T15:50:27+00:00","article_modified_time":"2022-02-16T15:48:10+00:00","og_image":[{"width":1078,"height":720,"url":"https:\/\/www.cursosycarreras.com.mx\/orientacion\/wp-content\/uploads\/2021\/08\/carrera-de-ciencias-ambientales-1.jpg","type":"image\/jpeg"}],"twitter_card":"summary","twitter_misc":{"Written by":"Lucila Voccia","Est. reading time":"15 minutos"},"schema":{"@context":"https:\/\/schema.org","@graph":[{"@type":"Organization","@id":"https:\/\/www.cursosycarreras.com.mx\/orientacion\/#organization","name":"Cursos y Carreras M\u00e9xico","url":"https:\/\/www.cursosycarreras.com.mx\/orientacion\/","sameAs":["https:\/\/www.facebook.com\/CursosyCarrerascom"],"logo":{"@type":"ImageObject","@id":"https:\/\/www.cursosycarreras.com.mx\/orientacion\/#logo","inLanguage":"es-AR","url":"https:\/\/www.cursosycarreras.com.mx\/orientacion\/wp-content\/uploads\/2018\/10\/logo_cyc.png","contentUrl":"https:\/\/www.cursosycarreras.com.mx\/orientacion\/wp-content\/uploads\/2018\/10\/logo_cyc.png","width":375,"height":56,"caption":"Cursos y Carreras M\u00e9xico"},"image":{"@id":"https:\/\/www.cursosycarreras.com.mx\/orientacion\/#logo"}},{"@type":"WebSite","@id":"https:\/\/www.cursosycarreras.com.mx\/orientacion\/#website","url":"https:\/\/www.cursosycarreras.com.mx\/orientacion\/","name":"CursosyCarreras.com.mx","description":"","publisher":{"@id":"https:\/\/www.cursosycarreras.com.mx\/orientacion\/#organization"},"potentialAction":[{"@type":"SearchAction","target":{"@type":"EntryPoint","urlTemplate":"https:\/\/www.cursosycarreras.com.mx\/orientacion\/?s={search_term_string}"},"query-input":"required name=search_term_string"}],"inLanguage":"es-AR"},{"@type":"ImageObject","@id":"https:\/\/www.cursosycarreras.com.mx\/orientacion\/carrera-de-ciencias-ambientales-entrevista\/#primaryimage","inLanguage":"es-AR","url":"https:\/\/www.cursosycarreras.com.mx\/orientacion\/wp-content\/uploads\/2021\/08\/carrera-de-ciencias-ambientales-1.jpg","contentUrl":"https:\/\/www.cursosycarreras.com.mx\/orientacion\/wp-content\/uploads\/2021\/08\/carrera-de-ciencias-ambientales-1.jpg","width":1078,"height":720,"caption":"carrera-de-ciencias-ambientales"},{"@type":"WebPage","@id":"https:\/\/www.cursosycarreras.com.mx\/orientacion\/carrera-de-ciencias-ambientales-entrevista\/#webpage","url":"https:\/\/www.cursosycarreras.com.mx\/orientacion\/carrera-de-ciencias-ambientales-entrevista\/","name":"La carrera de Ciencias Ambientales seg\u00fan una egresada [Entrevista] - CursosyCarreras.com.mx","isPartOf":{"@id":"https:\/\/www.cursosycarreras.com.mx\/orientacion\/#website"},"primaryImageOfPage":{"@id":"https:\/\/www.cursosycarreras.com.mx\/orientacion\/carrera-de-ciencias-ambientales-entrevista\/#primaryimage"},"datePublished":"2021-08-23T15:50:27+00:00","dateModified":"2022-02-16T15:48:10+00:00","description":"En este art\u00edculo te vamos a compartir la edici\u00f3n de una entrevista realizada a una egresada de la Carrera de Ciencias Ambientales.","breadcrumb":{"@id":"https:\/\/www.cursosycarreras.com.mx\/orientacion\/carrera-de-ciencias-ambientales-entrevista\/#breadcrumb"},"inLanguage":"es-AR","potentialAction":[{"@type":"ReadAction","target":["https:\/\/www.cursosycarreras.com.mx\/orientacion\/carrera-de-ciencias-ambientales-entrevista\/"]}]},{"@type":"BreadcrumbList","@id":"https:\/\/www.cursosycarreras.com.mx\/orientacion\/carrera-de-ciencias-ambientales-entrevista\/#breadcrumb","itemListElement":[{"@type":"ListItem","position":1,"name":"Home","item":"https:\/\/www.cursosycarreras.com.mx\/orientacion\/"},{"@type":"ListItem","position":2,"name":"La carrera de Ciencias Ambientales seg\u00fan una egresada [Entrevista]"}]},{"@type":"Article","@id":"https:\/\/www.cursosycarreras.com.mx\/orientacion\/carrera-de-ciencias-ambientales-entrevista\/#article","isPartOf":{"@id":"https:\/\/www.cursosycarreras.com.mx\/orientacion\/carrera-de-ciencias-ambientales-entrevista\/#webpage"},"author":{"@id":"https:\/\/www.cursosycarreras.com.mx\/orientacion\/#\/schema\/person\/5578a144e9a582f30bfdd86f0a47c5aa"},"headline":"La carrera de Ciencias Ambientales seg\u00fan una egresada [Entrevista]","datePublished":"2021-08-23T15:50:27+00:00","dateModified":"2022-02-16T15:48:10+00:00","mainEntityOfPage":{"@id":"https:\/\/www.cursosycarreras.com.mx\/orientacion\/carrera-de-ciencias-ambientales-entrevista\/#webpage"},"wordCount":3336,"publisher":{"@id":"https:\/\/www.cursosycarreras.com.mx\/orientacion\/#organization"},"image":{"@id":"https:\/\/www.cursosycarreras.com.mx\/orientacion\/carrera-de-ciencias-ambientales-entrevista\/#primaryimage"},"thumbnailUrl":"https:\/\/www.cursosycarreras.com.mx\/orientacion\/wp-content\/uploads\/2021\/08\/carrera-de-ciencias-ambientales-1.jpg","keywords":["Carrera de Ciencias Ambientales","Gesti\u00f3n Ambiental"],"articleSection":["Gesti\u00f3n Ambiental","Gesti\u00f3n Medio Ambiental","Orientaci\u00f3n Vocacional"],"inLanguage":"es-AR"},{"@type":"Person","@id":"https:\/\/www.cursosycarreras.com.mx\/orientacion\/#\/schema\/person\/5578a144e9a582f30bfdd86f0a47c5aa","name":"Lucila Voccia","image":{"@type":"ImageObject","@id":"https:\/\/www.cursosycarreras.com.mx\/orientacion\/#personlogo","inLanguage":"es-AR","url":"https:\/\/secure.gravatar.com\/avatar\/15276fbf032eca650ecc1822cf278130?s=96&d=mm&r=g","contentUrl":"https:\/\/secure.gravatar.com\/avatar\/15276fbf032eca650ecc1822cf278130?s=96&d=mm&r=g","caption":"Lucila Voccia"},"url":"https:\/\/www.cursosycarreras.com.mx\/orientacion\/author\/lucila-voccia\/"}]}},"_links":{"self":[{"href":"https:\/\/www.cursosycarreras.com.mx\/orientacion\/wp-json\/wp\/v2\/posts\/2723"}],"collection":[{"href":"https:\/\/www.cursosycarreras.com.mx\/orientacion\/wp-json\/wp\/v2\/posts"}],"about":[{"href":"https:\/\/www.cursosycarreras.com.mx\/orientacion\/wp-json\/wp\/v2\/types\/post"}],"author":[{"embeddable":true,"href":"https:\/\/www.cursosycarreras.com.mx\/orientacion\/wp-json\/wp\/v2\/users\/7"}],"replies":[{"embeddable":true,"href":"https:\/\/www.cursosycarreras.com.mx\/orientacion\/wp-json\/wp\/v2\/comments?post=2723"}],"version-history":[{"count":7,"href":"https:\/\/www.cursosycarreras.com.mx\/orientacion\/wp-json\/wp\/v2\/posts\/2723\/revisions"}],"predecessor-version":[{"id":4377,"href":"https:\/\/www.cursosycarreras.com.mx\/orientacion\/wp-json\/wp\/v2\/posts\/2723\/revisions\/4377"}],"wp:featuredmedia":[{"embeddable":true,"href":"https:\/\/www.cursosycarreras.com.mx\/orientacion\/wp-json\/wp\/v2\/media\/4375"}],"wp:attachment":[{"href":"https:\/\/www.cursosycarreras.com.mx\/orientacion\/wp-json\/wp\/v2\/media?parent=2723"}],"wp:term":[{"taxonomy":"category","embeddable":true,"href":"https:\/\/www.cursosycarreras.com.mx\/orientacion\/wp-json\/wp\/v2\/categories?post=2723"},{"taxonomy":"post_tag","embeddable":true,"href":"https:\/\/www.cursosycarreras.com.mx\/orientacion\/wp-json\/wp\/v2\/tags?post=2723"}],"curies":[{"name":"wp","href":"https:\/\/api.w.org\/{rel}","templated":true}]}}