{"id":2111,"date":"2021-03-12T11:38:42","date_gmt":"2021-03-12T14:38:42","guid":{"rendered":"https:\/\/www.cursosycarreras.com.mx\/orientacion\/?p=2111"},"modified":"2021-03-12T11:57:49","modified_gmt":"2021-03-12T14:57:49","slug":"beca-amlo","status":"publish","type":"post","link":"https:\/\/www.cursosycarreras.com.mx\/orientacion\/beca-amlo\/","title":{"rendered":"Beca AMLO: Qu\u00e9 es, a qui\u00e9n est\u00e1 dirigida, requisitos \u00a1y m\u00e1s!"},"content":{"rendered":"<p>En este art\u00edculo te contaremos todo sobre la<strong> beca AMLO<\/strong>: \u00bfQui\u00e9n la ofrece? \u00bfA qui\u00e9n est\u00e1 dirigida? \u00bfQu\u00e9 requisitos se necesitan para postularse? \u00bfCu\u00e1ndo abre la convocatoria? Te responderemos estas preguntas y \u00a1muchas m\u00e1s! \u00a1Sigue leyendo!<!--more--><\/p>\n<h2>\u00bfQu\u00e9 es la beca AMLO y a qui\u00e9n est\u00e1 dirigida?<\/h2>\n<p>AMLO son las siglas de Manuela Andr\u00e9s L\u00f3pez Obrador, que es un escritor, polit\u00f3logo, pol\u00edtico y presidente de M\u00e9xico desde el 2018. <strong>Esto quiere decir que estas becas son otorgadas por el Gobierno Federal de M\u00e9xico y est\u00e1n gestionadas por varias instituciones<\/strong> como la Secretar\u00eda de Educaci\u00f3n P\u00fablica (SEP) y la Secretar\u00eda de Trabajo y Previsi\u00f3n Social (STPS). Tambi\u00e9n, por organismos descentralizados como la Coordinaci\u00f3n Nacional de Becas y la Agencia Mexicana de Cooperaci\u00f3n Internacional para el Desarrollo (AMEXCID).<\/p>\n<p><strong>Estas becas est\u00e1n dirigidas a diferentes sectores de la poblaci\u00f3n mexicana:<\/strong> desde los m\u00e1s vulnerables y en pobreza extrema hasta estudiantes de educaci\u00f3n media superior y j\u00f3venes desempleados.<\/p>\n<p>Todos los tipos de becas ofrecen un apoyo econ\u00f3mico mensual que va desde los $800 hasta los $3.748. Al momento existen 4 tipos de becas AMLO.<\/p>\n<p><img class=\"alignnone wp-image-2113 size-full\" src=\"https:\/\/www.cursosycarreras.com.mx\/orientacion\/wp-content\/uploads\/2021\/03\/Beca-AMLO.jpg\" alt=\"Beca AMLO\" width=\"1200\" height=\"1000\" \/><\/p>\n<h2>\u00bfQu\u00e9 tipo de Becas AMLO existen?<\/h2>\n<h3>Becas Benito Ju\u00e1rez<\/h3>\n<p><strong>La beca Benito Ju\u00e1rez est\u00e1 dirigida a aquellas personas que est\u00e9n cursando la preparatoria en \u00fanicamente en instituciones p\u00fablicas.<\/strong> Su objetivo es que los alumnos no deserten, es por eso que cubre los gastos b\u00e1sicos.<\/p>\n<p>&nbsp;<\/p>\n<h4>\u00bfCu\u00e1les son los requisitos para aplicar?<\/h4>\n<p>\u00b7 \u00a0 \u00a0 \u00a0 \u00a0 Ser alumno activo de cualquier instituci\u00f3n p\u00fablica de nivel media superior<\/p>\n<p>\u00b7 \u00a0 \u00a0 \u00a0 \u00a0 No tener otra beca activa de manutenci\u00f3n de cualquier entidad federal<\/p>\n<p>&nbsp;<\/p>\n<h4>\u00bfC\u00f3mo aplicar a la beca Benito Ju\u00e1rez?<\/h4>\n<p>Aplicar para esta beca no solo es muy f\u00e1cil sino tambi\u00e9n gratuito. Solo se necesitan presentar lo siguiente:<\/p>\n<p>\u00b7 \u00a0 \u00a0 \u00a0 \u00a0 CURP<\/p>\n<p>\u00b7 \u00a0 \u00a0 \u00a0 \u00a0 Registrar tus datos personales<\/p>\n<p>\u00b7 \u00a0 \u00a0 \u00a0 \u00a0 Fotograf\u00eda<\/p>\n<p>\u00b7 \u00a0 \u00a0 \u00a0 \u00a0 Correo o celular<\/p>\n<p>\u00b7 \u00a0 \u00a0 \u00a0 \u00a0 *Opcional* Una cuenta bancaria<\/p>\n<p>&nbsp;<\/p>\n<h4>\u00bfCu\u00e1ndo se abre la convocatoria y cu\u00e1l es el beneficio de esta beca AMLO?<\/h4>\n<p>La convocatoria se encuentra abierta durante todo el a\u00f1o. Por lo tanto, los interesados pueden inscribirse cuando lo deseen.<\/p>\n<p><strong>El monto que cubre esta beca es de $800 mensuales entregados cada dos meses.<\/strong> Es decir que cada dos meses se reciben $1600.<\/p>\n<p>La duraci\u00f3n de estos pagos es de hasta 10 meses, o sea 5 pagos bimestrales. La beca se puede extender, pero el becario debe mantenerse inscrito y activo en su matr\u00edcula escolar.<\/p>\n<p>El dinero se cobra mediante transferencia bancaria o por retiro en tiendas de convivencia con el nombre del beneficiario.<\/p>\n<p><img class=\"alignnone wp-image-2115 size-full\" src=\"https:\/\/www.cursosycarreras.com.mx\/orientacion\/wp-content\/uploads\/2021\/03\/Beca-AMLO-1.jpg\" alt=\"becas del gobierno\" width=\"1200\" height=\"1000\" \/><\/p>\n<h3>Becas J\u00f3venes escribiendo el futuro<\/h3>\n<p><strong>Este tipo de beca AMLO est\u00e1 dirigida a estudiantes en condiciones de pobreza que vivan en lugares con un alto \u00edndice de violencia y a estudiantes ind\u00edgenas y afrodescendientes que se encuentren registrados y activos en una instituci\u00f3n prioritaria.<\/strong><\/p>\n<p>&nbsp;<\/p>\n<h4>\u00bfCu\u00e1les son los requisitos para aplicar?<\/h4>\n<p>El primer requisito para aplicar a esta beca es estar inscrito en alguna de las siguientes instituciones prioritarias:<\/p>\n<p>\u00b7 \u00a0 \u00a0 \u00a0 \u00a0 Centro de Desarrollo Rural<\/p>\n<p>\u00b7 \u00a0 \u00a0 \u00a0 \u00a0 Escuelas Normales Rurales<\/p>\n<p>\u00b7 \u00a0 \u00a0 \u00a0 \u00a0 Escuelas Normales<\/p>\n<p>\u00b7 \u00a0 \u00a0 \u00a0 \u00a0 Institutos Tecnol\u00f3gicos Federales<\/p>\n<p>\u00b7 \u00a0 \u00a0 \u00a0 \u00a0 Institutos Tecnol\u00f3gicos Descentralizados<\/p>\n<p>\u00b7 \u00a0 \u00a0 \u00a0 \u00a0 Universidades Interculturales<\/p>\n<p>\u00b7 \u00a0 \u00a0 \u00a0 \u00a0 Universidad de la Salud CDMX<\/p>\n<p>\u00b7 \u00a0 \u00a0 \u00a0 \u00a0 Universidades Benito Ju\u00e1rez<\/p>\n<p>\u00b7 \u00a0 \u00a0 \u00a0 \u00a0 Universidad Aut\u00f3noma Agraria Antonio Narro<\/p>\n<p>\u00b7 \u00a0 \u00a0 \u00a0 \u00a0 Universidad de Chapingo<\/p>\n<p>\u00b7 \u00a0 \u00a0 \u00a0 \u00a0 Universidades P\u00fablicas Estatales con Apoyo Solidario<\/p>\n<p>\u00b7 \u00a0 \u00a0 \u00a0 \u00a0 Universidades P\u00fablicas Estatales<\/p>\n<p>\u00b7 \u00a0 \u00a0 \u00a0 \u00a0 Universidades Tecnol\u00f3gicas<\/p>\n<p>\u00b7 \u00a0 \u00a0 \u00a0 \u00a0 Universidades Polit\u00e9cnicas<\/p>\n<p>\u00b7 \u00a0 \u00a0 \u00a0 \u00a0 Universidad Pedag\u00f3gica Nacional<\/p>\n<p>\u00b7 \u00a0 \u00a0 \u00a0 \u00a0 Universidades P\u00fablicas Federales<\/p>\n<p>&nbsp;<\/p>\n<p>Es posible aplicar estando inscrito en otra universidad, pero siempre y cuando haya dado su consentimiento la Unidad de Control Escolar.<\/p>\n<p>Por otro lado, tambi\u00e9n se deben cumplir con estos requisitos:<\/p>\n<p>Otros requisitos son:<\/p>\n<p>&nbsp;<\/p>\n<p>\u00b7 \u00a0 \u00a0 \u00a0 \u00a0 Tener un m\u00e1ximo de 29 a\u00f1os cumplidos<\/p>\n<p>\u00b7 \u00a0 \u00a0 \u00a0 \u00a0 Ser alumno activo<\/p>\n<p>\u00b7 \u00a0 \u00a0 \u00a0 \u00a0 No tener otra beca activa del Gobierno Federal<\/p>\n<p>&nbsp;<\/p>\n<h4>\u00bfC\u00f3mo aplicar a la beca J\u00f3venes escribiendo futuro?<\/h4>\n<p>Para aplicar a esta beca AMLO solo se necesita presentar la siguiente documentaci\u00f3n:<\/p>\n<p>\u00b7 \u00a0 \u00a0 \u00a0 \u00a0 CURP<\/p>\n<p>\u00b7 \u00a0 \u00a0 \u00a0 \u00a0 Registrar tus datos personales<\/p>\n<p>\u00b7 \u00a0 \u00a0 \u00a0 \u00a0 Fotograf\u00eda<\/p>\n<p>\u00b7 \u00a0 \u00a0 \u00a0 \u00a0 Correo o celular<\/p>\n<p>\u00b7 \u00a0 \u00a0 \u00a0 \u00a0 Una cuenta bancaria<\/p>\n<p>&nbsp;<\/p>\n<h4>\u00bfCu\u00e1ndo abre la convocatoria y cu\u00e1l es el beneficio de esta beca?<\/h4>\n<p><strong>La convocatoria est\u00e1 abierta por un determinado tiempo que, por lo general, es antes del comienzo del ciclo escolar.<\/strong> Por lo tanto, todos aquellos que quieran aplicar deben estar atentos a las comunicaciones del gobierno en los meses de enero, febrero y agosto.<\/p>\n<p><strong>El monto otorgado por esta beca es de $2400 mensuales que se entregan de manera bimensual.<\/strong> Es decir, que se reciben $4800 cada dos meses, durante diez meses que dure el ciclo escolar.<\/p>\n<p>Los beneficiarios reciben el pago mediante transferencia bancaria a la cuenta que se registra durante el proceso.<\/p>\n<p><img class=\"alignnone wp-image-2116 size-full\" src=\"https:\/\/www.cursosycarreras.com.mx\/orientacion\/wp-content\/uploads\/2021\/03\/Beca-AMLO-1-1.jpg\" alt=\"Beca Jovenes construyendo futuro\" width=\"1200\" height=\"1000\" \/><\/p>\n<h3>Beca J\u00f3venes Construyendo el Futuro<\/h3>\n<p>Esta es otra de las becas AMLO otorgadas por el gobierno. <strong>Est\u00e1 dirigida a personas de entre 18 y 29 a\u00f1os que se encuentran sin trabajo ni estudios activos (tambi\u00e9n llamados ninis).<\/strong> El objetivo de esta beca es vincularlos con empresas y negocios para que puedan desarrollar habilidades t\u00e9cnicas e insertarse de una mejor manera en el mundo laboral.<\/p>\n<p>&nbsp;<\/p>\n<h4>\u00bfCu\u00e1les son los requisitos para aplicar a esta beca del Gobierno?<\/h4>\n<p>A diferencia de las otras becas AMLO, la beca J\u00f3venes Construyendo el Futuro tiene un nivel de exigencia mayor a la hora de aplicar. <strong>Esto se debe a que el aspirante debe tener una entrevista con la empresa dispuesta a darle trabajo para verificar que su perfil se adec\u00fae a las actividades que realizan.<\/strong><\/p>\n<p>Adem\u00e1s debe cumplir los siguientes requisitos:<\/p>\n<p>\u00b7 \u00a0 \u00a0 \u00a0 \u00a0 No tener un trabajo formal o informal<\/p>\n<p>\u00b7 \u00a0 \u00a0 \u00a0 \u00a0 No ser estudiante activo en ninguna instituci\u00f3n p\u00fablica o privada<\/p>\n<p>\u00b7 \u00a0 \u00a0 \u00a0 \u00a0 Identificaci\u00f3n oficial<\/p>\n<p>\u00b7 \u00a0 \u00a0 \u00a0 \u00a0 Comprobante de domicilio<\/p>\n<p>\u00b7 \u00a0 \u00a0 \u00a0 \u00a0 Fotograf\u00eda (dentro de la plataforma)<\/p>\n<p>\u00b7 \u00a0 \u00a0 \u00a0 \u00a0 En caso de ser extranjero, deber\u00e1 presentar un documento oficial que valide su estancia legal en M\u00e9xico<\/p>\n<p>&nbsp;<\/p>\n<h4>\u00bfC\u00f3mo aplicar a la beca J\u00f3venes Construyendo el Futuro?<\/h4>\n<p>El proceso de aplicaci\u00f3n consta de 5 pasos:<\/p>\n<p>&nbsp;<\/p>\n<ul>\n<li><strong>Llenar un pre-registro:<\/strong> En este paso \u00fanicamente se llenan los campos con la informaci\u00f3n personal del aspirante para poder generar un n\u00famero de folio y ficha. Al terminar, el sistema le dar\u00e1 un usuario y contrase\u00f1a para el sistema.<\/li>\n<li><strong>Llenar el registro:<\/strong> Con el usuario y contrase\u00f1a, debe volver a acceder a la plataforma para subir los documentos requeridos, Al finalizar, deber\u00e1 descargarse una carta compromiso y ficha de registro.<\/li>\n<li><strong>Escoger una capacitaci\u00f3n:<\/strong> Despu\u00e9s de que el registro haya sido validado, tendr\u00e1 la opci\u00f3n de escoger el centro de trabajo en donde podr\u00e1 hacer su capacitaci\u00f3n por los siguientes 12 meses.<\/li>\n<li><strong>Entrevista o primer encuentro:\u00a0<\/strong> Habiendo seleccionado el centro de trabajo, la plataforma le proporcionar\u00e1 el contacto de un tutor o empleador para que pueda agendar la entrevista.<\/li>\n<li><strong>Inicio de capacitaci\u00f3n y evaluaci\u00f3n mensual:<\/strong> Una vez que el aprendiz y el tutor se hayan conocido y el tutor haya aceptado su postulaci\u00f3n, el alumno recibir\u00e1 la cobertura del seguro m\u00e9dico y se generar\u00e1 una cuenta bancaria para que pueda cobrar el apoyo mensual.<\/li>\n<\/ul>\n<p>Una vez completado todo el proceso, es responsabilidad del aprendiz asistir a la capacitaci\u00f3n durante los 5 d\u00edas de la semana y entre 5 a 8 horas (dependiendo el centro de trabajo).<\/p>\n<p>&nbsp;<\/p>\n<h4>\u00bfCu\u00e1ndo abre la convocatoria y cu\u00e1l es el beneficio de esta beca?<\/h4>\n<p>La convocatoria se encuentra abierta durante todo el a\u00f1o. <strong>El apoyo mensual es de $3748 mensuales durante los doce meses que dura la beca.<\/strong> Adem\u00e1s de esto, el programa J\u00f3venes construyendo el futuro ofrece seguro m\u00e9dico y una constancia de capacitaci\u00f3n.<\/p>\n<p>El monto de la beca es depositado en la cuenta bancaria generada al haber sido aceptado y empezado la capacitaci\u00f3n.<\/p>\n<p><img class=\"alignnone wp-image-2117 size-full\" src=\"https:\/\/www.cursosycarreras.com.mx\/orientacion\/wp-content\/uploads\/2021\/03\/Beca-AMLO-2.jpg\" alt=\"Becas del Gobierno AMLO\" width=\"1200\" height=\"1000\" \/><\/p>\n<h3>Becas Bienestar para las familias de educaci\u00f3n b\u00e1sica<\/h3>\n<p>Esta beca AMLO <strong>est\u00e1 dirigida a familias en condiciones de pobreza que tengan ni\u00f1os menores de 15 a\u00f1os en preescolar, primaria o secundaria.<\/strong> Su objetivo es fomentar que contin\u00faen sus estudios.<\/p>\n<p>&nbsp;<\/p>\n<h4>\u00bfCu\u00e1les son los requisitos para aplicar?<\/h4>\n<p>Si quieres aplicar a esta beca debes cumplir con los siguientes requisitos:<\/p>\n<p>&nbsp;<\/p>\n<p>\u00b7 \u00a0 \u00a0 \u00a0 \u00a0 Que el menor de 15 a\u00f1os est\u00e9 inscrito y sea estudiante activo de instituci\u00f3n de educaci\u00f3n b\u00e1sica<\/p>\n<p>\u00b7 \u00a0 \u00a0 \u00a0 \u00a0 Que el menor tenga hasta 15 a\u00f1os cumplidos antes del \u00faltimo d\u00eda del a\u00f1o en que se realiza la aplicaci\u00f3n<\/p>\n<p>\u00b7 \u00a0 \u00a0 \u00a0 \u00a0 No estar recibiendo otra beca educativa de manutenci\u00f3n relacionada al paquete de becas para educaci\u00f3n del gobierno federal. Por ejemplo, la beca s\u00ed es compatible en casos de otras becas estatales, privadas o locales<\/p>\n<p>&nbsp;<\/p>\n<h4>\u00bfC\u00f3mo aplicar para esta beca del Gobierno?<\/h4>\n<p>Para poder aplicar a esta beca hay que estar pendiente de cu\u00e1les son los lugares que el Gobierno identifica como disponible, luego de hacer un an\u00e1lisis de las principales escuelas y localidades donde haya mayor demanda.<\/p>\n<p>El gobierno tambi\u00e9n recibe solicitudes a trav\u00e9s de programas de atenci\u00f3n ciudadana para tener en cuenta los lugares disponibles.<\/p>\n<p>&nbsp;<\/p>\n<h4>\u00bfCu\u00e1l es el beneficio de esta beca?<\/h4>\n<p><strong>El apoyo mensual es de $800 pesos que se entregan de manera bimestral,<\/strong> o sea que el beneficiario recibe $1,600 pesos cada dos meses, durante los 10 meses de vigencia de esta beca.<\/p>\n<p>Al ser una beca destinada a un menor de edad, el encargado de recibir el pago es la madre, padre o tutor del ni\u00f1o, a trav\u00e9s de una tarjeta bancaria o retiro en banco.<\/p>\n<p>&nbsp;<\/p>\n<h2>En conclusi\u00f3n<\/h2>\n<p>Las <strong>becas AMLO<\/strong> benefician a j\u00f3venes, ni\u00f1os y familias que se encuentran en diferentes situaciones. Si te ha quedado alguna duda o quieres saber m\u00e1s sobre las instituciones donde puedes estudiar, te recomendamos que ingreses a <a href=\"https:\/\/www.cursosycarreras.com.mx\/instituciones-educativas-mexico?utm_source=blog&amp;utm_medium=post&amp;utm_campaign=blog_a_cyc&amp;utm_content=beca_amlo\" target=\"_blank\">cursosycarreras.com.mx<\/a><\/p>\n","protected":false},"excerpt":{"rendered":"<p>En este art\u00edculo te contaremos todo sobre la beca AMLO: \u00bfQui\u00e9n la ofrece? \u00bfA qui\u00e9n est\u00e1 dirigida? \u00bfQu\u00e9 requisitos se necesitan para postularse? \u00bfCu\u00e1ndo abre la convocatoria? Te responderemos estas preguntas y \u00a1muchas m\u00e1s! \u00a1Sigue leyendo!<\/p>\n","protected":false},"author":7,"featured_media":2113,"comment_status":"closed","ping_status":"closed","sticky":false,"template":"","format":"standard","meta":[],"categories":[348],"tags":[367,352],"featured_image_urls":{"full":["https:\/\/www.cursosycarreras.com.mx\/orientacion\/wp-content\/uploads\/2021\/03\/Beca-AMLO-scaled.jpg",1080,900,false],"thumbnail":["https:\/\/www.cursosycarreras.com.mx\/orientacion\/wp-content\/uploads\/2021\/03\/Beca-AMLO-150x150.jpg",150,150,true],"medium":["https:\/\/www.cursosycarreras.com.mx\/orientacion\/wp-content\/uploads\/2021\/03\/Beca-AMLO-300x250.jpg",300,250,true],"medium_large":["https:\/\/www.cursosycarreras.com.mx\/orientacion\/wp-content\/uploads\/2021\/03\/Beca-AMLO-768x640.jpg",768,640,true],"large":["https:\/\/www.cursosycarreras.com.mx\/orientacion\/wp-content\/uploads\/2021\/03\/Beca-AMLO-1024x853.jpg",920,766,true],"1536x1536":["https:\/\/www.cursosycarreras.com.mx\/orientacion\/wp-content\/uploads\/2021\/03\/Beca-AMLO-scaled.jpg",1080,900,false],"2048x2048":["https:\/\/www.cursosycarreras.com.mx\/orientacion\/wp-content\/uploads\/2021\/03\/Beca-AMLO-scaled.jpg",1080,900,false],"custom":["https:\/\/www.cursosycarreras.com.mx\/orientacion\/wp-content\/uploads\/2021\/03\/Beca-AMLO-180x150.jpg",180,150,true],"post-thumbnail":["https:\/\/www.cursosycarreras.com.mx\/orientacion\/wp-content\/uploads\/2021\/03\/Beca-AMLO-150x125.jpg",150,125,true],"header":["https:\/\/www.cursosycarreras.com.mx\/orientacion\/wp-content\/uploads\/2021\/03\/Beca-AMLO-1200x120.jpg",1200,120,true],"slider":["https:\/\/www.cursosycarreras.com.mx\/orientacion\/wp-content\/uploads\/2021\/03\/Beca-AMLO-1150x400.jpg",1150,400,true],"columns":["https:\/\/www.cursosycarreras.com.mx\/orientacion\/wp-content\/uploads\/2021\/03\/Beca-AMLO-351x201.jpg",351,201,true]},"post_excerpt_stackable":"<p>En este art\u00edculo te contaremos todo sobre la beca AMLO: \u00bfQui\u00e9n la ofrece? \u00bfA qui\u00e9n est\u00e1 dirigida? \u00bfQu\u00e9 requisitos se necesitan para postularse? \u00bfCu\u00e1ndo abre la convocatoria? Te responderemos estas preguntas y \u00a1muchas m\u00e1s! \u00a1Sigue leyendo! \u00bfQu\u00e9 es la beca AMLO y a qui\u00e9n est\u00e1 dirigida? AMLO son las siglas de Manuela Andr\u00e9s L\u00f3pez Obrador, que es un escritor, polit\u00f3logo, pol\u00edtico y presidente de M\u00e9xico desde el 2018. Esto quiere decir que estas becas son otorgadas por el Gobierno Federal de M\u00e9xico y est\u00e1n gestionadas por varias instituciones como la Secretar\u00eda de Educaci\u00f3n P\u00fablica (SEP) y la Secretar\u00eda de Trabajo&hellip;<\/p>\n","category_list":"<a href=\"https:\/\/www.cursosycarreras.com.mx\/orientacion\/category\/becas-para-estudiantes\/\" rel=\"tag\">Becas para Estudiantes<\/a>","author_info":{"name":"Lucila Voccia","url":"https:\/\/www.cursosycarreras.com.mx\/orientacion\/author\/lucila-voccia\/"},"comments_num":"0 comments","yoast_head":"<!-- This site is optimized with the Yoast SEO plugin v18.2 - https:\/\/yoast.com\/wordpress\/plugins\/seo\/ -->\n<title>Beca AMLO: Qu\u00e9 Es, A Qui\u00e9n Est\u00e1 Dirigida, Requisitos \u00a1Y M\u00e1s!<\/title>\n<meta name=\"description\" content=\"En este art\u00edculo te contaremos todo sobre la beca AMLO: \u00bfQu\u00e9 es? \u00bfA qui\u00e9n est\u00e1 dirigida? \u00bfQu\u00e9 requisitos se necesitan? \u00a1Y m\u00e1s! \u00a1Sigue leyendo!\" \/>\n<meta name=\"robots\" content=\"index, follow, max-snippet:-1, max-image-preview:large, max-video-preview:-1\" \/>\n<link rel=\"canonical\" href=\"https:\/\/www.cursosycarreras.com.mx\/orientacion\/beca-amlo\/\" \/>\n<meta property=\"og:locale\" content=\"es_ES\" \/>\n<meta property=\"og:type\" content=\"article\" \/>\n<meta property=\"og:title\" content=\"Beca AMLO: Qu\u00e9 Es, A Qui\u00e9n Est\u00e1 Dirigida, Requisitos \u00a1Y M\u00e1s!\" \/>\n<meta property=\"og:description\" content=\"En este art\u00edculo te contaremos todo sobre la beca AMLO: \u00bfQu\u00e9 es? \u00bfA qui\u00e9n est\u00e1 dirigida? \u00bfQu\u00e9 requisitos se necesitan? \u00a1Y m\u00e1s! \u00a1Sigue leyendo!\" \/>\n<meta property=\"og:url\" content=\"https:\/\/www.cursosycarreras.com.mx\/orientacion\/beca-amlo\/\" \/>\n<meta property=\"og:site_name\" content=\"CursosyCarreras.com.mx\" \/>\n<meta property=\"article:publisher\" content=\"https:\/\/www.facebook.com\/CursosyCarrerascom\" \/>\n<meta property=\"article:published_time\" content=\"2021-03-12T14:38:42+00:00\" \/>\n<meta property=\"article:modified_time\" content=\"2021-03-12T14:57:49+00:00\" \/>\n<meta property=\"og:image\" content=\"https:\/\/www.cursosycarreras.com.mx\/orientacion\/wp-content\/uploads\/2021\/03\/Beca-AMLO.jpg\" \/>\n\t<meta property=\"og:image:width\" content=\"1200\" \/>\n\t<meta property=\"og:image:height\" content=\"1000\" \/>\n\t<meta property=\"og:image:type\" content=\"image\/jpeg\" \/>\n<meta name=\"twitter:card\" content=\"summary\" \/>\n<meta name=\"twitter:label1\" content=\"Written by\" \/>\n\t<meta name=\"twitter:data1\" content=\"Lucila Voccia\" \/>\n\t<meta name=\"twitter:label2\" content=\"Est. reading time\" \/>\n\t<meta name=\"twitter:data2\" content=\"8 minutos\" \/>\n<script type=\"application\/ld+json\" class=\"yoast-schema-graph\">{\"@context\":\"https:\/\/schema.org\",\"@graph\":[{\"@type\":\"Organization\",\"@id\":\"https:\/\/www.cursosycarreras.com.mx\/orientacion\/#organization\",\"name\":\"Cursos y Carreras M\u00e9xico\",\"url\":\"https:\/\/www.cursosycarreras.com.mx\/orientacion\/\",\"sameAs\":[\"https:\/\/www.facebook.com\/CursosyCarrerascom\"],\"logo\":{\"@type\":\"ImageObject\",\"@id\":\"https:\/\/www.cursosycarreras.com.mx\/orientacion\/#logo\",\"inLanguage\":\"es-AR\",\"url\":\"https:\/\/www.cursosycarreras.com.mx\/orientacion\/wp-content\/uploads\/2018\/10\/logo_cyc.png\",\"contentUrl\":\"https:\/\/www.cursosycarreras.com.mx\/orientacion\/wp-content\/uploads\/2018\/10\/logo_cyc.png\",\"width\":375,\"height\":56,\"caption\":\"Cursos y Carreras M\u00e9xico\"},\"image\":{\"@id\":\"https:\/\/www.cursosycarreras.com.mx\/orientacion\/#logo\"}},{\"@type\":\"WebSite\",\"@id\":\"https:\/\/www.cursosycarreras.com.mx\/orientacion\/#website\",\"url\":\"https:\/\/www.cursosycarreras.com.mx\/orientacion\/\",\"name\":\"CursosyCarreras.com.mx\",\"description\":\"\",\"publisher\":{\"@id\":\"https:\/\/www.cursosycarreras.com.mx\/orientacion\/#organization\"},\"potentialAction\":[{\"@type\":\"SearchAction\",\"target\":{\"@type\":\"EntryPoint\",\"urlTemplate\":\"https:\/\/www.cursosycarreras.com.mx\/orientacion\/?s={search_term_string}\"},\"query-input\":\"required name=search_term_string\"}],\"inLanguage\":\"es-AR\"},{\"@type\":\"ImageObject\",\"@id\":\"https:\/\/www.cursosycarreras.com.mx\/orientacion\/beca-amlo\/#primaryimage\",\"inLanguage\":\"es-AR\",\"url\":\"https:\/\/www.cursosycarreras.com.mx\/orientacion\/wp-content\/uploads\/2021\/03\/Beca-AMLO-scaled.jpg\",\"contentUrl\":\"https:\/\/www.cursosycarreras.com.mx\/orientacion\/wp-content\/uploads\/2021\/03\/Beca-AMLO-scaled.jpg\",\"width\":1080,\"height\":900,\"caption\":\"beca-amlo\"},{\"@type\":\"WebPage\",\"@id\":\"https:\/\/www.cursosycarreras.com.mx\/orientacion\/beca-amlo\/#webpage\",\"url\":\"https:\/\/www.cursosycarreras.com.mx\/orientacion\/beca-amlo\/\",\"name\":\"Beca AMLO: Qu\u00e9 Es, A Qui\u00e9n Est\u00e1 Dirigida, Requisitos \u00a1Y M\u00e1s!\",\"isPartOf\":{\"@id\":\"https:\/\/www.cursosycarreras.com.mx\/orientacion\/#website\"},\"primaryImageOfPage\":{\"@id\":\"https:\/\/www.cursosycarreras.com.mx\/orientacion\/beca-amlo\/#primaryimage\"},\"datePublished\":\"2021-03-12T14:38:42+00:00\",\"dateModified\":\"2021-03-12T14:57:49+00:00\",\"description\":\"En este art\u00edculo te contaremos todo sobre la beca AMLO: \u00bfQu\u00e9 es? \u00bfA qui\u00e9n est\u00e1 dirigida? \u00bfQu\u00e9 requisitos se necesitan? \u00a1Y m\u00e1s! \u00a1Sigue leyendo!\",\"breadcrumb\":{\"@id\":\"https:\/\/www.cursosycarreras.com.mx\/orientacion\/beca-amlo\/#breadcrumb\"},\"inLanguage\":\"es-AR\",\"potentialAction\":[{\"@type\":\"ReadAction\",\"target\":[\"https:\/\/www.cursosycarreras.com.mx\/orientacion\/beca-amlo\/\"]}]},{\"@type\":\"BreadcrumbList\",\"@id\":\"https:\/\/www.cursosycarreras.com.mx\/orientacion\/beca-amlo\/#breadcrumb\",\"itemListElement\":[{\"@type\":\"ListItem\",\"position\":1,\"name\":\"Home\",\"item\":\"https:\/\/www.cursosycarreras.com.mx\/orientacion\/\"},{\"@type\":\"ListItem\",\"position\":2,\"name\":\"Beca AMLO: Qu\u00e9 es, a qui\u00e9n est\u00e1 dirigida, requisitos \u00a1y m\u00e1s!\"}]},{\"@type\":\"Article\",\"@id\":\"https:\/\/www.cursosycarreras.com.mx\/orientacion\/beca-amlo\/#article\",\"isPartOf\":{\"@id\":\"https:\/\/www.cursosycarreras.com.mx\/orientacion\/beca-amlo\/#webpage\"},\"author\":{\"@id\":\"https:\/\/www.cursosycarreras.com.mx\/orientacion\/#\/schema\/person\/5578a144e9a582f30bfdd86f0a47c5aa\"},\"headline\":\"Beca AMLO: Qu\u00e9 es, a qui\u00e9n est\u00e1 dirigida, requisitos \u00a1y m\u00e1s!\",\"datePublished\":\"2021-03-12T14:38:42+00:00\",\"dateModified\":\"2021-03-12T14:57:49+00:00\",\"mainEntityOfPage\":{\"@id\":\"https:\/\/www.cursosycarreras.com.mx\/orientacion\/beca-amlo\/#webpage\"},\"wordCount\":1626,\"publisher\":{\"@id\":\"https:\/\/www.cursosycarreras.com.mx\/orientacion\/#organization\"},\"image\":{\"@id\":\"https:\/\/www.cursosycarreras.com.mx\/orientacion\/beca-amlo\/#primaryimage\"},\"thumbnailUrl\":\"https:\/\/www.cursosycarreras.com.mx\/orientacion\/wp-content\/uploads\/2021\/03\/Beca-AMLO-scaled.jpg\",\"keywords\":[\"Becas AMLO\",\"becas del gobierno\"],\"articleSection\":[\"Becas para Estudiantes\"],\"inLanguage\":\"es-AR\"},{\"@type\":\"Person\",\"@id\":\"https:\/\/www.cursosycarreras.com.mx\/orientacion\/#\/schema\/person\/5578a144e9a582f30bfdd86f0a47c5aa\",\"name\":\"Lucila Voccia\",\"image\":{\"@type\":\"ImageObject\",\"@id\":\"https:\/\/www.cursosycarreras.com.mx\/orientacion\/#personlogo\",\"inLanguage\":\"es-AR\",\"url\":\"https:\/\/secure.gravatar.com\/avatar\/15276fbf032eca650ecc1822cf278130?s=96&d=mm&r=g\",\"contentUrl\":\"https:\/\/secure.gravatar.com\/avatar\/15276fbf032eca650ecc1822cf278130?s=96&d=mm&r=g\",\"caption\":\"Lucila Voccia\"},\"url\":\"https:\/\/www.cursosycarreras.com.mx\/orientacion\/author\/lucila-voccia\/\"}]}<\/script>\n<!-- \/ Yoast SEO plugin. -->","yoast_head_json":{"title":"Beca AMLO: Qu\u00e9 Es, A Qui\u00e9n Est\u00e1 Dirigida, Requisitos \u00a1Y M\u00e1s!","description":"En este art\u00edculo te contaremos todo sobre la beca AMLO: \u00bfQu\u00e9 es? \u00bfA qui\u00e9n est\u00e1 dirigida? \u00bfQu\u00e9 requisitos se necesitan? \u00a1Y m\u00e1s! \u00a1Sigue leyendo!","robots":{"index":"index","follow":"follow","max-snippet":"max-snippet:-1","max-image-preview":"max-image-preview:large","max-video-preview":"max-video-preview:-1"},"canonical":"https:\/\/www.cursosycarreras.com.mx\/orientacion\/beca-amlo\/","og_locale":"es_ES","og_type":"article","og_title":"Beca AMLO: Qu\u00e9 Es, A Qui\u00e9n Est\u00e1 Dirigida, Requisitos \u00a1Y M\u00e1s!","og_description":"En este art\u00edculo te contaremos todo sobre la beca AMLO: \u00bfQu\u00e9 es? \u00bfA qui\u00e9n est\u00e1 dirigida? \u00bfQu\u00e9 requisitos se necesitan? \u00a1Y m\u00e1s! \u00a1Sigue leyendo!","og_url":"https:\/\/www.cursosycarreras.com.mx\/orientacion\/beca-amlo\/","og_site_name":"CursosyCarreras.com.mx","article_publisher":"https:\/\/www.facebook.com\/CursosyCarrerascom","article_published_time":"2021-03-12T14:38:42+00:00","article_modified_time":"2021-03-12T14:57:49+00:00","og_image":[{"width":1200,"height":1000,"url":"https:\/\/www.cursosycarreras.com.mx\/orientacion\/wp-content\/uploads\/2021\/03\/Beca-AMLO.jpg","type":"image\/jpeg"}],"twitter_card":"summary","twitter_misc":{"Written by":"Lucila Voccia","Est. reading time":"8 minutos"},"schema":{"@context":"https:\/\/schema.org","@graph":[{"@type":"Organization","@id":"https:\/\/www.cursosycarreras.com.mx\/orientacion\/#organization","name":"Cursos y Carreras M\u00e9xico","url":"https:\/\/www.cursosycarreras.com.mx\/orientacion\/","sameAs":["https:\/\/www.facebook.com\/CursosyCarrerascom"],"logo":{"@type":"ImageObject","@id":"https:\/\/www.cursosycarreras.com.mx\/orientacion\/#logo","inLanguage":"es-AR","url":"https:\/\/www.cursosycarreras.com.mx\/orientacion\/wp-content\/uploads\/2018\/10\/logo_cyc.png","contentUrl":"https:\/\/www.cursosycarreras.com.mx\/orientacion\/wp-content\/uploads\/2018\/10\/logo_cyc.png","width":375,"height":56,"caption":"Cursos y Carreras M\u00e9xico"},"image":{"@id":"https:\/\/www.cursosycarreras.com.mx\/orientacion\/#logo"}},{"@type":"WebSite","@id":"https:\/\/www.cursosycarreras.com.mx\/orientacion\/#website","url":"https:\/\/www.cursosycarreras.com.mx\/orientacion\/","name":"CursosyCarreras.com.mx","description":"","publisher":{"@id":"https:\/\/www.cursosycarreras.com.mx\/orientacion\/#organization"},"potentialAction":[{"@type":"SearchAction","target":{"@type":"EntryPoint","urlTemplate":"https:\/\/www.cursosycarreras.com.mx\/orientacion\/?s={search_term_string}"},"query-input":"required name=search_term_string"}],"inLanguage":"es-AR"},{"@type":"ImageObject","@id":"https:\/\/www.cursosycarreras.com.mx\/orientacion\/beca-amlo\/#primaryimage","inLanguage":"es-AR","url":"https:\/\/www.cursosycarreras.com.mx\/orientacion\/wp-content\/uploads\/2021\/03\/Beca-AMLO-scaled.jpg","contentUrl":"https:\/\/www.cursosycarreras.com.mx\/orientacion\/wp-content\/uploads\/2021\/03\/Beca-AMLO-scaled.jpg","width":1080,"height":900,"caption":"beca-amlo"},{"@type":"WebPage","@id":"https:\/\/www.cursosycarreras.com.mx\/orientacion\/beca-amlo\/#webpage","url":"https:\/\/www.cursosycarreras.com.mx\/orientacion\/beca-amlo\/","name":"Beca AMLO: Qu\u00e9 Es, A Qui\u00e9n Est\u00e1 Dirigida, Requisitos \u00a1Y M\u00e1s!","isPartOf":{"@id":"https:\/\/www.cursosycarreras.com.mx\/orientacion\/#website"},"primaryImageOfPage":{"@id":"https:\/\/www.cursosycarreras.com.mx\/orientacion\/beca-amlo\/#primaryimage"},"datePublished":"2021-03-12T14:38:42+00:00","dateModified":"2021-03-12T14:57:49+00:00","description":"En este art\u00edculo te contaremos todo sobre la beca AMLO: \u00bfQu\u00e9 es? \u00bfA qui\u00e9n est\u00e1 dirigida? \u00bfQu\u00e9 requisitos se necesitan? \u00a1Y m\u00e1s! \u00a1Sigue leyendo!","breadcrumb":{"@id":"https:\/\/www.cursosycarreras.com.mx\/orientacion\/beca-amlo\/#breadcrumb"},"inLanguage":"es-AR","potentialAction":[{"@type":"ReadAction","target":["https:\/\/www.cursosycarreras.com.mx\/orientacion\/beca-amlo\/"]}]},{"@type":"BreadcrumbList","@id":"https:\/\/www.cursosycarreras.com.mx\/orientacion\/beca-amlo\/#breadcrumb","itemListElement":[{"@type":"ListItem","position":1,"name":"Home","item":"https:\/\/www.cursosycarreras.com.mx\/orientacion\/"},{"@type":"ListItem","position":2,"name":"Beca AMLO: Qu\u00e9 es, a qui\u00e9n est\u00e1 dirigida, requisitos \u00a1y m\u00e1s!"}]},{"@type":"Article","@id":"https:\/\/www.cursosycarreras.com.mx\/orientacion\/beca-amlo\/#article","isPartOf":{"@id":"https:\/\/www.cursosycarreras.com.mx\/orientacion\/beca-amlo\/#webpage"},"author":{"@id":"https:\/\/www.cursosycarreras.com.mx\/orientacion\/#\/schema\/person\/5578a144e9a582f30bfdd86f0a47c5aa"},"headline":"Beca AMLO: Qu\u00e9 es, a qui\u00e9n est\u00e1 dirigida, requisitos \u00a1y m\u00e1s!","datePublished":"2021-03-12T14:38:42+00:00","dateModified":"2021-03-12T14:57:49+00:00","mainEntityOfPage":{"@id":"https:\/\/www.cursosycarreras.com.mx\/orientacion\/beca-amlo\/#webpage"},"wordCount":1626,"publisher":{"@id":"https:\/\/www.cursosycarreras.com.mx\/orientacion\/#organization"},"image":{"@id":"https:\/\/www.cursosycarreras.com.mx\/orientacion\/beca-amlo\/#primaryimage"},"thumbnailUrl":"https:\/\/www.cursosycarreras.com.mx\/orientacion\/wp-content\/uploads\/2021\/03\/Beca-AMLO-scaled.jpg","keywords":["Becas AMLO","becas del gobierno"],"articleSection":["Becas para Estudiantes"],"inLanguage":"es-AR"},{"@type":"Person","@id":"https:\/\/www.cursosycarreras.com.mx\/orientacion\/#\/schema\/person\/5578a144e9a582f30bfdd86f0a47c5aa","name":"Lucila Voccia","image":{"@type":"ImageObject","@id":"https:\/\/www.cursosycarreras.com.mx\/orientacion\/#personlogo","inLanguage":"es-AR","url":"https:\/\/secure.gravatar.com\/avatar\/15276fbf032eca650ecc1822cf278130?s=96&d=mm&r=g","contentUrl":"https:\/\/secure.gravatar.com\/avatar\/15276fbf032eca650ecc1822cf278130?s=96&d=mm&r=g","caption":"Lucila Voccia"},"url":"https:\/\/www.cursosycarreras.com.mx\/orientacion\/author\/lucila-voccia\/"}]}},"_links":{"self":[{"href":"https:\/\/www.cursosycarreras.com.mx\/orientacion\/wp-json\/wp\/v2\/posts\/2111"}],"collection":[{"href":"https:\/\/www.cursosycarreras.com.mx\/orientacion\/wp-json\/wp\/v2\/posts"}],"about":[{"href":"https:\/\/www.cursosycarreras.com.mx\/orientacion\/wp-json\/wp\/v2\/types\/post"}],"author":[{"embeddable":true,"href":"https:\/\/www.cursosycarreras.com.mx\/orientacion\/wp-json\/wp\/v2\/users\/7"}],"replies":[{"embeddable":true,"href":"https:\/\/www.cursosycarreras.com.mx\/orientacion\/wp-json\/wp\/v2\/comments?post=2111"}],"version-history":[{"count":3,"href":"https:\/\/www.cursosycarreras.com.mx\/orientacion\/wp-json\/wp\/v2\/posts\/2111\/revisions"}],"predecessor-version":[{"id":2118,"href":"https:\/\/www.cursosycarreras.com.mx\/orientacion\/wp-json\/wp\/v2\/posts\/2111\/revisions\/2118"}],"wp:featuredmedia":[{"embeddable":true,"href":"https:\/\/www.cursosycarreras.com.mx\/orientacion\/wp-json\/wp\/v2\/media\/2113"}],"wp:attachment":[{"href":"https:\/\/www.cursosycarreras.com.mx\/orientacion\/wp-json\/wp\/v2\/media?parent=2111"}],"wp:term":[{"taxonomy":"category","embeddable":true,"href":"https:\/\/www.cursosycarreras.com.mx\/orientacion\/wp-json\/wp\/v2\/categories?post=2111"},{"taxonomy":"post_tag","embeddable":true,"href":"https:\/\/www.cursosycarreras.com.mx\/orientacion\/wp-json\/wp\/v2\/tags?post=2111"}],"curies":[{"name":"wp","href":"https:\/\/api.w.org\/{rel}","templated":true}]}}